{"id":7523,"date":"2014-02-15T18:54:08","date_gmt":"2014-02-15T18:54:08","guid":{"rendered":"http:\/\/obegef.pt\/wordpress\/?p=7523"},"modified":"2014-02-18T20:18:32","modified_gmt":"2014-02-18T20:18:32","slug":"frases-47","status":"publish","type":"post","link":"https:\/\/obegef.pt\/wordpress\/?p=7523","title":{"rendered":"Frases&#8230;"},"content":{"rendered":"<h5>Pobres e \u00e9tica<\/h5>\n<p>\"Enquanto n\u00e3o forem radicalmente solucionados os problemas dos pobres, renunciando \u00e0 autonomia absoluta dos mercados e da especula\u00e7\u00e3o financeira e atacando as causas estruturais da desigualdade social, n\u00e3o se resolver\u00e3o os problemas do mundo e, em definitivo, problema algum. A desigualdade \u00e9 a raiz dos males sociais.\"<\/p>\n<p>(Papa Francisco, Evangelii Gaudium, Tradu\u00e7\u00e3o portuguesa revista pelo Secretariado Geral da Confer\u00eancia Episcopal Portuguesa, http:\/\/www.agencia.ecclesia.pt\/dlds\/bo\/EVANGELIIGAUDIUMPapaFrancisco2013CEP.pdf p\u00e1g.107)<\/p>\n<p>&nbsp;<\/p>\n","protected":false},"excerpt":{"rendered":"<p>Pobres e \u00e9tica &#8220;Enquanto n\u00e3o forem radicalmente solucionados os problemas dos pobres, renunciando \u00e0 autonomia absoluta dos mercados e da especula\u00e7\u00e3o financeira e atacando as causas estruturais da desigualdade social, n\u00e3o se resolver\u00e3o os problemas do mundo e, em definitivo, problema algum. A desigualdade \u00e9 a raiz dos males sociais.&#8221; (Papa Francisco, Evangelii Gaudium, Tradu\u00e7\u00e3o&hellip; <a href=\"https:\/\/obegef.pt\/wordpress\/?p=7523\">Ler mais&#8230;<\/a><\/p>\n","protected":false},"author":1,"featured_media":0,"comment_status":"closed","ping_status":"closed","sticky":false,"template":"","format":"standard","meta":{"_bbp_topic_count":0,"_bbp_reply_count":0,"_bbp_total_topic_count":0,"_bbp_total_reply_count":0,"_bbp_voice_count":0,"_bbp_anonymous_reply_count":0,"_bbp_topic_count_hidden":0,"_bbp_reply_count_hidden":0,"_bbp_forum_subforum_count":0,"_exactmetrics_skip_tracking":false,"_exactmetrics_sitenote_active":false,"_exactmetrics_sitenote_note":"","_exactmetrics_sitenote_category":0,"footnotes":""},"categories":[98],"tags":[],"class_list":["post-7523","post","type-post","status-publish","format-standard","hentry","category-frases"],"_links":{"self":[{"href":"https:\/\/obegef.pt\/wordpress\/index.php?rest_route=\/wp\/v2\/posts\/7523","targetHints":{"allow":["GET"]}}],"collection":[{"href":"https:\/\/obegef.pt\/wordpress\/index.php?rest_route=\/wp\/v2\/posts"}],"about":[{"href":"https:\/\/obegef.pt\/wordpress\/index.php?rest_route=\/wp\/v2\/types\/post"}],"author":[{"embeddable":true,"href":"https:\/\/obegef.pt\/wordpress\/index.php?rest_route=\/wp\/v2\/users\/1"}],"replies":[{"embeddable":true,"href":"https:\/\/obegef.pt\/wordpress\/index.php?rest_route=%2Fwp%2Fv2%2Fcomments&post=7523"}],"version-history":[{"count":1,"href":"https:\/\/obegef.pt\/wordpress\/index.php?rest_route=\/wp\/v2\/posts\/7523\/revisions"}],"predecessor-version":[{"id":7527,"href":"https:\/\/obegef.pt\/wordpress\/index.php?rest_route=\/wp\/v2\/posts\/7523\/revisions\/7527"}],"wp:attachment":[{"href":"https:\/\/obegef.pt\/wordpress\/index.php?rest_route=%2Fwp%2Fv2%2Fmedia&parent=7523"}],"wp:term":[{"taxonomy":"category","embeddable":true,"href":"https:\/\/obegef.pt\/wordpress\/index.php?rest_route=%2Fwp%2Fv2%2Fcategories&post=7523"},{"taxonomy":"post_tag","embeddable":true,"href":"https:\/\/obegef.pt\/wordpress\/index.php?rest_route=%2Fwp%2Fv2%2Ftags&post=7523"}],"curies":[{"name":"wp","href":"https:\/\/api.w.org\/{rel}","templated":true}]}}