{"id":7319,"date":"2014-01-30T10:11:51","date_gmt":"2014-01-30T10:11:51","guid":{"rendered":"http:\/\/obegef.pt\/wordpress\/?p=7319"},"modified":"2015-12-04T19:11:52","modified_gmt":"2015-12-04T19:11:52","slug":"se-ganhar-o-automovel-deixo-o-dar-umas-voltinhas-ao-fim-de-semana","status":"publish","type":"post","link":"https:\/\/obegef.pt\/wordpress\/?p=7319","title":{"rendered":"\u201cSe ganhar o autom\u00f3vel, deixo-o dar umas voltinhas ao fim-de-semana\u201d"},"content":{"rendered":"<p style=\"text-align: left;\"><span style=\"color: #d8070f;\"><em><\/em><strong>Mariana Costa, Vis\u00e3o on line<\/strong><\/span>,<\/p>\n<p style=\"text-align: left;\"><a href=\"http:\/\/visao.sapo.pt\/se-ganhar-o-automovel-deixo-o-dar-umas-voltinhas-ao-fim-de-semana=f767141\" target=\"_blank\"><img loading=\"lazy\" decoding=\"async\" class=\" wp-image-19 alignleft\" title=\"Liga\u00e7\u00e3o \u00e0 Publica\u00e7\u00e3o\" alt=\"\" src=\"http:\/\/obegef.pt\/wordpress\/wp-content\/uploads\/2009\/01\/go2.png\" width=\"16\" height=\"16\" \/><\/a><\/p>\n<p style=\"text-align: left;\"><a href=\"http:\/\/obegef.pt\/wordpress\/wp-content\/uploads\/2014\/01\/VisaoE263.pdf\" target=\"_blank\"><img loading=\"lazy\" decoding=\"async\" class=\" wp-image-2032 alignleft\" title=\"Ficheiro PDF\" alt=\"\" src=\"http:\/\/obegef.pt\/wordpress\/wp-content\/uploads\/2013\/05\/pdf_button.png\" width=\"14\" height=\"14\" \/><\/a><\/p>\n<div>\n<p>Se a coercividade \u00e9 ou n\u00e3o \u00e9 a caracter\u00edstica individualizadora da norma jur\u00eddica \u00e9 de pouca import\u00e2ncia, quando falham as condi\u00e7\u00f5es pr\u00e1ticas para a imposi\u00e7\u00e3o da norma<br \/>\n...<br \/>\n<!--more--><\/p>\n<p>A hist\u00f3ria desde sempre deu provas que n\u00e3o h\u00e1 lei que resista \u00e0 resist\u00eancia da popula\u00e7\u00e3o. Veja-se, em Portugal, o recente exemplo paradigm\u00e1tico da altera\u00e7\u00e3o \u00e0 Lei da interrup\u00e7\u00e3o volunt\u00e1ria de gravidez.<\/p>\n<p>As Leis, os Decretos-Lei, Portarias e at\u00e9 as famosas e t\u00e3o odiadas Circulares das Finan\u00e7as n\u00e3o vivem num v\u00e1cuo jur\u00eddico todo-poderoso, imunes \u00e0 ades\u00e3o dos seus destinat\u00e1rios e \u00e0s limita\u00e7\u00f5es dos seus aplicadores. Se a coercividade \u00e9 ou n\u00e3o \u00e9 a caracter\u00edstica individualizadora da norma jur\u00eddica \u00e9 de pouca import\u00e2ncia, quando falham as condi\u00e7\u00f5es pr\u00e1ticas para a imposi\u00e7\u00e3o da norma e para o sancionamento do seu desrespeito.<\/p>\n<p>Tudo isto a prop\u00f3sito de sorteios de autom\u00f3veis\u2026<\/p>\n<p>Numa entrevista de Aldous Huxley, onde ele comparava, num exerc\u00edcio fantasioso, a probabilidade de ocorr\u00eancia do seu \u201cAdmir\u00e1vel Mundo Novo\u201d com a probabilidade de afirma\u00e7\u00e3o da sociedade retratada no livro \u201c1984\u201d, de George Orwell, o autor referia que esta \u00faltima jamais teria hip\u00f3tese de subsistir, porque o controlo pela repress\u00e3o gera revoltas e subvers\u00f5es.<\/p>\n<p>E n\u00e3o \u00e9 que \u00e9?<\/p>\n<p>Enquanto sociedade, percecionamos a Economia Subterr\u00e2nea (entendida como a produ\u00e7\u00e3o de bens ou servi\u00e7os legais, deliberadamente ocultada das autoridades p\u00fablicas para evitar pagamento de taxas ou impostos, ou o cumprimento de outras obriga\u00e7\u00f5es legais) como um fen\u00f3meno negativo, merecedor de censura jur\u00eddica e social.<\/p>\n<p>Enquanto indiv\u00edduos, por\u00e9m, n\u00e3o podemos deixar de ser sens\u00edveis \u00e0 hist\u00f3ria da Dona Manuela, que corta cabelos h\u00e1 mais de vinte anos no cabeleireiro da esquina e que n\u00e3o sabe por quanto tempo conseguir\u00e1 manter as portas abertas, \u201cse isto continuar assim\u201d. Claro que o facto de ser \u201cvinte euros em dinheiro\u201d e \u201cvinte e cinco se for multibanco\u201d tamb\u00e9m ajuda a esta faceta emp\u00e1tica com as dificuldades alheias\u2026<\/p>\n<p>O n\u00edvel de perce\u00e7\u00e3o social e de condena\u00e7\u00e3o moral das atividades enquadr\u00e1veis na no\u00e7\u00e3o de Economia Subterr\u00e2nea parece variar em fun\u00e7\u00e3o da atividade concreta que est\u00e1 em causa e em fun\u00e7\u00e3o da identidade do sujeito ou do contexto econ\u00f3mico-social envolvente (n\u00e3o parece igual o grau de censura social pela n\u00e3o declara\u00e7\u00e3o de rendimentos de uma grande sociedade comercial, ou pela n\u00e3o emiss\u00e3o de fatura sobre rendimentos obtidos com <i>biscates<\/i>, por necessidade de subsist\u00eancia).<\/p>\n<p>A an\u00e1lise desta perce\u00e7\u00e3o e valora\u00e7\u00e3o moral sociais das condutas integr\u00e1veis na Economia Subterr\u00e2nea deve constituir um contributo importante para a defini\u00e7\u00e3o da pol\u00edtica econ\u00f3mica e financeira oficial de combate e preven\u00e7\u00e3o da Economia N\u00e3o-Registada.<\/p>\n<p>Ou ent\u00e3o sorteiam-se autom\u00f3veis\u2026<\/p>\n<p>Esta medida da administra\u00e7\u00e3o fiscal por\u00e1, em certa medida, \u00e0 prova o argumento dos que defendem que a falta de colabora\u00e7\u00e3o da popula\u00e7\u00e3o no combate \u00e0 fuga fiscal se deve a raz\u00f5es de convic\u00e7\u00e3o e censura \u00e0 carga fiscal excessiva cobrada no nosso pa\u00eds. Se for s\u00f3 comodismo, um autom\u00f3vel \u00e9 incentivo suficiente para se decorar 9 d\u00edgitos extra e gastar 30 segundos a mais em cada compra e servi\u00e7o.<\/p>\n<p>Ao comodismo do \u201cn\u00e3o vale a pena\u201d e \u00e0 vergonha do \u201cn\u00e3o \u00e9 preciso\u201d substitui-se o sorriso t\u00edmido do \u201csim, por favor. E se ganhar o autom\u00f3vel, deixo-o dar umas voltinhas ao fim-de-semana\u201d.<\/p>\n<\/div>\n","protected":false},"excerpt":{"rendered":"<p>Mariana Costa, Vis\u00e3o on line, Se a coercividade \u00e9 ou n\u00e3o \u00e9 a caracter\u00edstica individualizadora da norma jur\u00eddica \u00e9 de pouca import\u00e2ncia, quando falham as condi\u00e7\u00f5es pr\u00e1ticas para a imposi\u00e7\u00e3o da norma &#8230;<\/p>\n","protected":false},"author":1,"featured_media":0,"comment_status":"closed","ping_status":"closed","sticky":false,"template":"","format":"standard","meta":{"_bbp_topic_count":0,"_bbp_reply_count":0,"_bbp_total_topic_count":0,"_bbp_total_reply_count":0,"_bbp_voice_count":0,"_bbp_anonymous_reply_count":0,"_bbp_topic_count_hidden":0,"_bbp_reply_count_hidden":0,"_bbp_forum_subforum_count":0,"_exactmetrics_skip_tracking":false,"_exactmetrics_sitenote_active":false,"_exactmetrics_sitenote_note":"","_exactmetrics_sitenote_category":0,"footnotes":""},"categories":[72,123],"tags":[],"class_list":["post-7319","post","type-post","status-publish","format-standard","hentry","category-cronicas","category-visao-online"],"_links":{"self":[{"href":"https:\/\/obegef.pt\/wordpress\/index.php?rest_route=\/wp\/v2\/posts\/7319","targetHints":{"allow":["GET"]}}],"collection":[{"href":"https:\/\/obegef.pt\/wordpress\/index.php?rest_route=\/wp\/v2\/posts"}],"about":[{"href":"https:\/\/obegef.pt\/wordpress\/index.php?rest_route=\/wp\/v2\/types\/post"}],"author":[{"embeddable":true,"href":"https:\/\/obegef.pt\/wordpress\/index.php?rest_route=\/wp\/v2\/users\/1"}],"replies":[{"embeddable":true,"href":"https:\/\/obegef.pt\/wordpress\/index.php?rest_route=%2Fwp%2Fv2%2Fcomments&post=7319"}],"version-history":[{"count":3,"href":"https:\/\/obegef.pt\/wordpress\/index.php?rest_route=\/wp\/v2\/posts\/7319\/revisions"}],"predecessor-version":[{"id":7323,"href":"https:\/\/obegef.pt\/wordpress\/index.php?rest_route=\/wp\/v2\/posts\/7319\/revisions\/7323"}],"wp:attachment":[{"href":"https:\/\/obegef.pt\/wordpress\/index.php?rest_route=%2Fwp%2Fv2%2Fmedia&parent=7319"}],"wp:term":[{"taxonomy":"category","embeddable":true,"href":"https:\/\/obegef.pt\/wordpress\/index.php?rest_route=%2Fwp%2Fv2%2Fcategories&post=7319"},{"taxonomy":"post_tag","embeddable":true,"href":"https:\/\/obegef.pt\/wordpress\/index.php?rest_route=%2Fwp%2Fv2%2Ftags&post=7319"}],"curies":[{"name":"wp","href":"https:\/\/api.w.org\/{rel}","templated":true}]}}