{"id":7143,"date":"2014-01-09T13:14:56","date_gmt":"2014-01-09T13:14:56","guid":{"rendered":"http:\/\/obegef.pt\/wordpress\/?p=7143"},"modified":"2015-12-04T19:11:52","modified_gmt":"2015-12-04T19:11:52","slug":"saudades-de-portugal","status":"publish","type":"post","link":"https:\/\/obegef.pt\/wordpress\/?p=7143","title":{"rendered":"Saudades de Portugal"},"content":{"rendered":"<p style=\"text-align: left;\"><span style=\"color: #d8070f;\"><em><\/em><strong>Jo\u00e3o Pedro Martins, Vis\u00e3o on line<\/strong><\/span>,<\/p>\n<p style=\"text-align: left;\"><a href=\"http:\/\/visao.sapo.pt\/saudades-de-portugal=f764305\" target=\"_blank\"><img loading=\"lazy\" decoding=\"async\" class=\"size-full wp-image-19 alignleft\" title=\"Liga\u00e7\u00e3o \u00e0 Publica\u00e7\u00e3o\" alt=\"\" src=\"http:\/\/obegef.pt\/wordpress\/wp-content\/uploads\/2009\/01\/go2.png\" width=\"16\" height=\"16\" \/><\/a><\/p>\n<p style=\"text-align: left;\"><a href=\"http:\/\/obegef.pt\/wordpress\/wp-content\/uploads\/2014\/01\/VisaoE260.pdf\" target=\"_blank\"><img loading=\"lazy\" decoding=\"async\" class=\" wp-image-2032 alignleft\" title=\"Ficheiro PDF\" alt=\"\" src=\"http:\/\/obegef.pt\/wordpress\/wp-content\/uploads\/2013\/05\/pdf_button.png\" width=\"14\" height=\"14\" \/><\/a><\/p>\n<div>\n<p>O pa\u00eds est\u00e1 cada vez mais distante das pessoas, do mundo e do futuro.<br \/>\n...<br \/>\n<!--more--><\/p>\n<p>Tenho saudades de Portugal. E ainda n\u00e3o emigrei.<\/p>\n<p>O pa\u00eds est\u00e1 cada vez mais distante das pessoas, do mundo e do futuro.<\/p>\n<p>Tenho saudades dos marinheiros que descobriram novos mundos e tiveram coragem para vencer piratas e lendas antigas.<\/p>\n<p>Tenho saudades de homens como D. Afonso Henriques que soube lutar para conquistar um pa\u00eds livre e independente. De pol\u00edticos como o marqu\u00eas de Pombal que teve arte e engenho para reerguer Lisboa quando o pa\u00eds ainda tremia de medo do terramoto e viu nas dificuldades uma oportunidade para reformar a administra\u00e7\u00e3o p\u00fablica.<\/p>\n<p>Tenho saudades dos fundadores do partido republicano que eliminaram um rei fantoche e substitu\u00edram uma monarquia podre por uma democracia nova.<\/p>\n<p>Tenho saudades de todos os que lutaram para libertar o pa\u00eds dos regimes de escravatura, de ditadura e empobrecimento da sociedade.<\/p>\n<p>Tenho vergonha de um rei que fugiu para o Brasil e destes ministros e secret\u00e1rios de Estado que ainda usam chucha e acabaram de sair do infant\u00e1rio para o governo e tratam os portugueses como se fossem bonecas Barbie ou soldadinhos de chumbo.<\/p>\n<p>Tenho vergonha de que aqueles que dizem que s\u00e3o os melhores se escondam do povo e vivam na sombra das teias do tr\u00e1fico de influ\u00eancias sem darem a cara, nem um c\u00eantimo, por um pa\u00eds falido.<\/p>\n<p>Tenho vergonha de viver numa rep\u00fablica que tem um para\u00edso fiscal numa ilha que d\u00e1 abrigo a terroristas e mercen\u00e1rios econ\u00f3micos e promove a batota dos impostos, onde as mafias russas, italianas e angolanas se acotovelam nesse ninho de corrup\u00e7\u00e3o e do crime organizado que impunemente lava dinheiro a c\u00e9u aberto.<\/p>\n<p>Tenho saudades de uma revolu\u00e7\u00e3o pac\u00edfica e reformista, mesmo que se tenha de dar uns tiros numa perninha ou cortar uma m\u00e3ozinha de um governante corrupto.<\/p>\n<p>Tenho saudades de uma democracia onde todos contem e todos participem. De gente honesta, competente e sem medo de se chegar \u00e0 frente e enfrentar as adversidades.<\/p>\n<p>Tenho saudades de os sonhos das crian\u00e7as voltarem a ser a esperan\u00e7a dos idosos. De uma sociedade solid\u00e1ria, onde a lei n\u00e3o seja a do mais forte, mas a mais justa.<\/p>\n<p>Mais do que saudades do meu pa\u00eds, tenho a certeza de que isto n\u00e3o fica assim. N\u00e3o pode ficar.<\/p>\n<p>Tenho a certeza de que vamos dar a volta e expulsar os pol\u00edticos t\u00f3xicos que nos governam e nos cospem na cara enquanto vendem o pa\u00eds ao desbarato.<\/p>\n<p>Tenho a certeza de que um dia vamos criar empregos para que os jovens n\u00e3o precisem de correr mundo e possam trabalhar no pa\u00eds onde nasceram. Que voltaremos a ter estadistas na pol\u00edtica e uma democracia saud\u00e1vel. Que todos os impostores, corruptos e incompetentes ser\u00e3o impedidos de exercer cargos p\u00fablicos e corar\u00e3o de vergonha sempre que os seus nomes forem lembrados.<\/p>\n<p>Tenho a certeza de que um dia deixaremos de nos lamentar e teremos orgulho em todos os eleitores porque n\u00e3o se esquecem de votar no dia das elei\u00e7\u00f5es e pagam os seus impostos.<\/p>\n<p>Mas enquanto as saudades se misturam com os sonhos n\u00e3o nos podemos resignar e permitir que um presidente da Rep\u00fablica aproveite a presen\u00e7a na cerim\u00f3nia f\u00fanebre de um estadista internacional para prestar vassalagem \u00e0 elite corrupta angolana que est\u00e1 a colonizar a nossa economia, enquanto os processos judiciais s\u00e3o estranhamente arquivados.<\/p>\n<p>O problema do pa\u00eds n\u00e3o \u00e9 uma quest\u00e3o de altern\u00e2ncia democr\u00e1tica. \u00c9 de car\u00e1cter.<\/p>\n<p>E o car\u00e1cter n\u00e3o se muda com elei\u00e7\u00f5es, mas com justi\u00e7a.<\/p>\n<\/div>\n","protected":false},"excerpt":{"rendered":"<p>Jo\u00e3o Pedro Martins, Vis\u00e3o on line, O pa\u00eds est\u00e1 cada vez mais distante das pessoas, do mundo e do futuro. &#8230;<\/p>\n","protected":false},"author":1,"featured_media":0,"comment_status":"closed","ping_status":"closed","sticky":false,"template":"","format":"standard","meta":{"_bbp_topic_count":0,"_bbp_reply_count":0,"_bbp_total_topic_count":0,"_bbp_total_reply_count":0,"_bbp_voice_count":0,"_bbp_anonymous_reply_count":0,"_bbp_topic_count_hidden":0,"_bbp_reply_count_hidden":0,"_bbp_forum_subforum_count":0,"_exactmetrics_skip_tracking":false,"_exactmetrics_sitenote_active":false,"_exactmetrics_sitenote_note":"","_exactmetrics_sitenote_category":0,"footnotes":""},"categories":[72,123],"tags":[],"class_list":["post-7143","post","type-post","status-publish","format-standard","hentry","category-cronicas","category-visao-online"],"_links":{"self":[{"href":"https:\/\/obegef.pt\/wordpress\/index.php?rest_route=\/wp\/v2\/posts\/7143","targetHints":{"allow":["GET"]}}],"collection":[{"href":"https:\/\/obegef.pt\/wordpress\/index.php?rest_route=\/wp\/v2\/posts"}],"about":[{"href":"https:\/\/obegef.pt\/wordpress\/index.php?rest_route=\/wp\/v2\/types\/post"}],"author":[{"embeddable":true,"href":"https:\/\/obegef.pt\/wordpress\/index.php?rest_route=\/wp\/v2\/users\/1"}],"replies":[{"embeddable":true,"href":"https:\/\/obegef.pt\/wordpress\/index.php?rest_route=%2Fwp%2Fv2%2Fcomments&post=7143"}],"version-history":[{"count":3,"href":"https:\/\/obegef.pt\/wordpress\/index.php?rest_route=\/wp\/v2\/posts\/7143\/revisions"}],"predecessor-version":[{"id":7147,"href":"https:\/\/obegef.pt\/wordpress\/index.php?rest_route=\/wp\/v2\/posts\/7143\/revisions\/7147"}],"wp:attachment":[{"href":"https:\/\/obegef.pt\/wordpress\/index.php?rest_route=%2Fwp%2Fv2%2Fmedia&parent=7143"}],"wp:term":[{"taxonomy":"category","embeddable":true,"href":"https:\/\/obegef.pt\/wordpress\/index.php?rest_route=%2Fwp%2Fv2%2Fcategories&post=7143"},{"taxonomy":"post_tag","embeddable":true,"href":"https:\/\/obegef.pt\/wordpress\/index.php?rest_route=%2Fwp%2Fv2%2Ftags&post=7143"}],"curies":[{"name":"wp","href":"https:\/\/api.w.org\/{rel}","templated":true}]}}