{"id":7059,"date":"2013-12-27T11:15:31","date_gmt":"2013-12-27T11:15:31","guid":{"rendered":"http:\/\/obegef.pt\/wordpress\/?p=7059"},"modified":"2015-12-04T19:07:34","modified_gmt":"2015-12-04T19:07:34","slug":"problemas-estruturais-da-economia-portuguesa","status":"publish","type":"post","link":"https:\/\/obegef.pt\/wordpress\/?p=7059","title":{"rendered":"Problemas estruturais da economia portuguesa"},"content":{"rendered":"<p style=\"text-align: left;\"><span style=\"color: #d8070f;\"><strong>\u00d3scar Afonso,\u00a0Jornal i<\/strong><\/span><\/p>\n<p style=\"text-align: left;\"><a title=\"Carne fresca - Levaram o Pai Nata, ficaram as renas\" href=\"http:\/\/www.ionline.pt\/iopiniao\/problemas-estruturais-da-economia-portuguesa\" target=\"_blank\"><img loading=\"lazy\" decoding=\"async\" class=\"size-full wp-image-19 alignleft\" title=\"Problemas estruturais da economia portuguesa\" alt=\"\" src=\"http:\/\/obegef.pt\/wordpress\/wp-content\/uploads\/2009\/01\/go2.png\" width=\"16\" height=\"16\" \/><\/a><\/p>\n<p style=\"text-align: left;\"><a title=\"Carne fresca - Levaram o Pai Natal, ficaram as renas\" href=\"http:\/\/obegef.pt\/wordpress\/wp-content\/uploads\/2013\/12\/I_054.pdf\" target=\"_blank\"><img loading=\"lazy\" decoding=\"async\" class=\" wp-image-2032 alignleft\" title=\"Problemas estruturais da economia portuguesa\" alt=\"\" src=\"http:\/\/obegef.pt\/wordpress\/wp-content\/uploads\/2013\/05\/pdf_button.png\" width=\"14\" height=\"14\" \/><\/a><\/p>\n<div>\n<div>\n<div>\n<div>\n<div>A economia paralela representa um quarto da Economia oficial, desvirtua a concorr\u00eancia\u00a0 e a confian\u00e7a, e diminui os recursos p\u00fablicos para investimento e redistribui\u00e7\u00e3o<\/div>\n<\/div>\n<\/div>\n<\/div>\n<p><!--more--><\/p>\n<p>Nesta cr\u00f3nica abordo aquelas que considero serem as oito falhas estruturais, inter-relacionadas, da Economia Portuguesa, que nos empurram para crises e dificultam qualquer processo de ajustamento. Assim, observo que:<\/p>\n<p>1. Apesar do investimento recente em educa\u00e7\u00e3o, a qualifica\u00e7\u00f5es dos recursos humanos \u00e9 baixa e desajustada face aos nossos parceiros da Uni\u00e3o Europeia (UE). Este facto imp\u00f5e um padr\u00e3o de especializa\u00e7\u00e3o da estrutura produtiva que limita as melhorias de produtividade.<\/p>\n<p>2. Apesar do acesso ao conhecimento tecnol\u00f3gico e do investimento em educa\u00e7\u00e3o, o n\u00edvel de empreendedorismo \u00e9 manifestamente baixo. Consequentemente, a ocorr\u00eancia de externalidades positivas do conhecimento n\u00e3o \u00e9 suficientemente estimulada pela capacidade de identificar, criar e explorar oportunidades de neg\u00f3cio.<\/p>\n<p>3. O quadro institucional n\u00e3o favorece o correcto funcionamento dos mercados e a burocracia \u00e9 a regra. Al\u00e9m disso, o sistema judicial \u00e9 uma l\u00e1stima, pelo formalismo processual e pela dura\u00e7\u00e3o dos processos judiciais, levando, desde logo, a um ineficaz combate \u00e0 corrup\u00e7\u00e3o, \u00e0 fraude fiscal e ao crime econ\u00f3mico-financeiro e desincentivando o n\u00edvel e a qualidade do investimento.<\/p>\n<p>4. A Economia Paralela representa um quarto do Economia oficial, desvirtua a concorr\u00eancia e a confian\u00e7a, e diminui os recursos p\u00fablicos dispon\u00edveis para investimento e redistribui\u00e7\u00e3o, apesar do aumento da carga fiscal.<\/p>\n<p>5. A preocupa\u00e7\u00e3o dos pol\u00edticos \u00e9 genericamente com o interesse pessoal. Lembram-se, por exemplo, da atitude do \u00faltimo governo face \u00e0 d\u00edvida? E porque n\u00e3o tem havido as necess\u00e1rias reformas das institui\u00e7\u00f5es?<\/p>\n<p>6. A economia portuguesa est\u00e1 muito dependente do exterior em mat\u00e9ria de energia.<\/p>\n<p>7. H\u00e1 dificuldades de adapta\u00e7\u00e3o ao contexto decorrente da entrada na Uni\u00e3o Econ\u00f3mica e Monet\u00e1ria, em particular no que respeita \u00e0 condu\u00e7\u00e3o das pol\u00edticas or\u00e7amental e de rendimentos, agravadas pelas dificuldades criadas pelo alargamento de 2004-2007, com a entrada de diversos pa\u00edses pertencentes ao ex-Bloco de Leste, e pela maior penetra\u00e7\u00e3o no mercado europeu de pa\u00edses de <i>low-cost<\/i>, na sequ\u00eancia da conclus\u00e3o do Uruguay Round (1994) e da ades\u00e3o da China \u00e0 Organiza\u00e7\u00e3o Mundial de Com\u00e9rcio, que determinaram uma perda de competitividade dos bens e servi\u00e7os portugueses. Destaco o tradicional p\u00e9ssimo comportamento or\u00e7amental que remete para a necessidade peri\u00f3dica de planos de ajustamento or\u00e7amental e contribui para aumentar o grau de incerteza dos investidores.<\/p>\n<p>8. A conjuga\u00e7\u00e3o da redu\u00e7\u00e3o do n\u00edvel de poupan\u00e7a da na\u00e7\u00e3o, com a perda de competitividade comercial e a depend\u00eancia energ\u00e9tica tem determinado uma deteriora\u00e7\u00e3o profunda das contas externas, em particular do saldo da balan\u00e7a corrente. Processo que tem sido corrigido no processo de ajustamento em curso. Ser\u00e1 uma correc\u00e7\u00e3o estrutural? As empresas portugueses est\u00e3o a conseguir exportar no contexto de uma moeda forte e a conquistar mercados fora da UE, pelo que o actual ajustamento est\u00e1 a ser mais estrutural do que o de 1983-1985 que foi baseado na desvaloriza\u00e7\u00e3o do Escudo e, portanto, na deteriora\u00e7\u00e3o dos termos de troca.<\/p>\n<p>S\u00e3o tamb\u00e9m boas as not\u00edcias relativas \u00e0 recupera\u00e7\u00e3o econ\u00f3mica: a taxa de desemprego est\u00e1 a diminuir, as taxas de juro da d\u00edvida a 10 anos est\u00e3o abaixo dos 6% e a depend\u00eancia do cr\u00e9dito externo tem diminu\u00eddo. No entanto, a falta de confian\u00e7a cria grande incerteza no futuro e as desigualdades na distribui\u00e7\u00e3o do rendimento agravam-se, afectando a coes\u00e3o social.<\/p>\n<\/div>\n","protected":false},"excerpt":{"rendered":"<p>\u00d3scar Afonso,\u00a0Jornal i A economia paralela representa um quarto da Economia oficial, desvirtua a concorr\u00eancia\u00a0 e a confian\u00e7a, e diminui os recursos p\u00fablicos para investimento e redistribui\u00e7\u00e3o<\/p>\n","protected":false},"author":1,"featured_media":0,"comment_status":"closed","ping_status":"closed","sticky":false,"template":"","format":"standard","meta":{"_bbp_topic_count":0,"_bbp_reply_count":0,"_bbp_total_topic_count":0,"_bbp_total_reply_count":0,"_bbp_voice_count":0,"_bbp_anonymous_reply_count":0,"_bbp_topic_count_hidden":0,"_bbp_reply_count_hidden":0,"_bbp_forum_subforum_count":0,"_exactmetrics_skip_tracking":false,"_exactmetrics_sitenote_active":false,"_exactmetrics_sitenote_note":"","_exactmetrics_sitenote_category":0,"footnotes":""},"categories":[72,124],"tags":[],"class_list":["post-7059","post","type-post","status-publish","format-standard","hentry","category-cronicas","category-jornal-i"],"_links":{"self":[{"href":"https:\/\/obegef.pt\/wordpress\/index.php?rest_route=\/wp\/v2\/posts\/7059","targetHints":{"allow":["GET"]}}],"collection":[{"href":"https:\/\/obegef.pt\/wordpress\/index.php?rest_route=\/wp\/v2\/posts"}],"about":[{"href":"https:\/\/obegef.pt\/wordpress\/index.php?rest_route=\/wp\/v2\/types\/post"}],"author":[{"embeddable":true,"href":"https:\/\/obegef.pt\/wordpress\/index.php?rest_route=\/wp\/v2\/users\/1"}],"replies":[{"embeddable":true,"href":"https:\/\/obegef.pt\/wordpress\/index.php?rest_route=%2Fwp%2Fv2%2Fcomments&post=7059"}],"version-history":[{"count":3,"href":"https:\/\/obegef.pt\/wordpress\/index.php?rest_route=\/wp\/v2\/posts\/7059\/revisions"}],"predecessor-version":[{"id":7071,"href":"https:\/\/obegef.pt\/wordpress\/index.php?rest_route=\/wp\/v2\/posts\/7059\/revisions\/7071"}],"wp:attachment":[{"href":"https:\/\/obegef.pt\/wordpress\/index.php?rest_route=%2Fwp%2Fv2%2Fmedia&parent=7059"}],"wp:term":[{"taxonomy":"category","embeddable":true,"href":"https:\/\/obegef.pt\/wordpress\/index.php?rest_route=%2Fwp%2Fv2%2Fcategories&post=7059"},{"taxonomy":"post_tag","embeddable":true,"href":"https:\/\/obegef.pt\/wordpress\/index.php?rest_route=%2Fwp%2Fv2%2Ftags&post=7059"}],"curies":[{"name":"wp","href":"https:\/\/api.w.org\/{rel}","templated":true}]}}