{"id":5873,"date":"2013-10-10T10:47:05","date_gmt":"2013-10-10T10:47:05","guid":{"rendered":"http:\/\/obegef.pt\/wordpress\/?p=5873"},"modified":"2015-12-04T19:14:19","modified_gmt":"2015-12-04T19:14:19","slug":"a-grande-fraude-diversao-e-cinismo-de-uns-a-custa-do-sofrimento-de-outros","status":"publish","type":"post","link":"https:\/\/obegef.pt\/wordpress\/?p=5873","title":{"rendered":"A grande fraude: divers\u00e3o e cinismo de uns \u00e0 custa do sofrimento de outros"},"content":{"rendered":"<p style=\"text-align: left;\"><span style=\"color: #d8070f;\"><strong>Aurora Teixeira, Vis\u00e3o on line<\/strong><\/span>,<\/p>\n<p style=\"text-align: left;\"><a href=\"http:\/\/visao.sapo.pt\/a-grande-fraude-diversao-e-cinismo-de-uns-a-custa-do-sofrimento-de-outros=f752433\" target=\"_blank\"><img loading=\"lazy\" decoding=\"async\" class=\"size-full wp-image-19 alignleft\" title=\"Liga\u00e7\u00e3o \u00e0 Publica\u00e7\u00e3o\" alt=\"\" src=\"http:\/\/obegef.pt\/wordpress\/wp-content\/uploads\/2009\/01\/go2.png\" width=\"16\" height=\"16\" \/><\/a><\/p>\n<p style=\"text-align: left;\"><a href=\"http:\/\/obegef.pt\/wordpress\/wp-content\/uploads\/2013\/10\/VisaoE2471.pdf\" target=\"_blank\"><img loading=\"lazy\" decoding=\"async\" class=\" wp-image-2032 alignleft\" title=\"Ficheiro PDF\" alt=\"\" src=\"http:\/\/obegef.pt\/wordpress\/wp-content\/uploads\/2013\/05\/pdf_button.png\" width=\"14\" height=\"14\" \/><\/a><\/p>\n<div>\n<p>N\u00e3o era esta a cr\u00f3nica que eu planeava escrever mas o desenrolar dos eventos nas \u00faltimas horas obrigaram-me a alterar os planos.<!--more--><\/p>\n<p>Os n\u00edveis de incompet\u00eancia, cinismo e hipocrisia de alguns dos pol\u00edticos portugueses que (des)governam o pa\u00eds atingiram m\u00ednimos hist\u00f3ricos. A inaptid\u00e3o social e t\u00e9cnica destes indiv\u00edduos deixa-me verdadeiramente revoltada j\u00e1 que os impostos que pago s\u00e3o cada vez mais desviados para a remunera\u00e7\u00e3o de aut\u00eanticas 'aves rapinas', seus 's\u00e9quitos' (assessores, secret\u00e1rias, motoristas, ...) e suas 'aberra\u00e7\u00f5es' (BPNs, SLNs, ...), em vez de servir para o financiamento de adequados servi\u00e7os de sa\u00fade, educa\u00e7\u00e3o e seguran\u00e7a e, atrav\u00e9s da redistribui\u00e7\u00e3o da riqueza, para a promo\u00e7\u00e3o de uma sociedade mais justa, coerente e coesa.<\/p>\n<p>O extremo do cinismo e da hipocrisia \u00e9 atingido nos dias de hoje por alguns medi\u00e1ticos mas med\u00edocres governantes do nosso pa\u00eds, desde o ministro das birras irrevog\u00e1veis, que quase levou ao colapso a aned\u00f3tica coliga\u00e7\u00e3o governamental, mas que entretanto foi promovido a vice-ministro e respons\u00e1vel pelas negocia\u00e7\u00f5es com a TROIKA, passando pelo ministro da lambreta e terminando em outros 'not\u00e1veis' recentemente rendidos ao masoquismo.<\/p>\n<p>Recordando aqui algumas passagens do programa eleitoral do CDS-PP \u00e0s legislativas de 2011 (pode ser consultado em\u00a0<a href=\"http:\/\/www.cds.pt\/index.php?option=com_content&amp;view=category&amp;id=104&amp;layout=blog&amp;Itemid=174\" target=\"_blank\">http:\/\/www.cds.pt\/index.php?option=com_content&amp;view=category&amp;id=104&amp;layout=blog&amp;Itemid=174<\/a>\u00a0) 'rezava' assim:<\/p>\n<p>\"Entre 2003 e 2005, mesmo em condi\u00e7\u00f5es de crescimento econ\u00f3mico adversas, conseguiu reduzir-se a taxa de pobreza de 20% para 18%, atrav\u00e9s, sobretudo, do processo de converg\u00eancia das pens\u00f5es que, com um planeamento faseado, renumerava melhor as reformas mais baixas. A suspens\u00e3o desse processo contribuiu para a estagna\u00e7\u00e3o do indicador oficial de pobreza.\u00a0<b>Os idosos<\/b>, tal como os deficientes,<b>\u00a0foram a gera\u00e7\u00e3o mais sacrificada por um conjunto de pol\u00edticas de n\u00edtida insensibilidade social<\/b>: cortes nas comparticipa\u00e7\u00f5es dos medicamentos durante 3 anos, f\u00f3rmula de c\u00e1lculo dos aumentos que colocou os pensionistas 3 anos seguidos atr\u00e1s da infla\u00e7\u00e3o, tributa\u00e7\u00e3o de reformas baixas. (...) CR\u00cdTICAS: 1. Aumento exponencial do desemprego. 2. Apoios no desemprego s\u00e3o insuficientes. 3. Maioria dos pensionistas perdeu poder de compra nestes 4 anos. (...)\"<\/p>\n<p>Eis como a 'gera\u00e7\u00e3o mais sacrificada' pelas pol\u00edticas socr\u00e1ticas de 'n\u00edtida insensibilidade social' continuar\u00e1 a ser... sacrificada! Hoje (6 de outubro de 2013) o ministro da Solidariedade, Emprego e Seguran\u00e7a Social, Mota Soares (que numa atitude de moralismo exibicionista foi \u00e0 tomada de posse numa lambreta, mas que rapidamente se rendeu a um 'carr\u00e3o' de quase 90 mil euros), anunciou o corte, em 2014, nas pens\u00f5es de sobreviv\u00eancia, quando acumuladas com uma segunda reforma (sem esclarecer, no entanto, qual o patamar m\u00ednimo a partir do qual ser\u00e1 feito esse corte) para 'poupar' 100 milh\u00f5es de euros.<\/p>\n<p>Pergunto:<\/p>\n<p>-\u00a0 N\u00e3o seria mais 'justo' cortar no apoio do Estado aos partidos pol\u00edticos, cuja verba n\u00e3o ser\u00e1 muito distinta da que pretendem poupar, e que t\u00eam bastantes mais meios do que os reformados e vi\u00favos para arranjar fontes alternativas de 'sustento'?<\/p>\n<p>-\u00a0 Ou ent\u00e3o, como proposto pelo Fundo Monet\u00e1rio Internacional (FMI), impor um teto de 5.030 euros \u00e0s pens\u00f5es mais elevadas?<\/p>\n<p>Esta \u00faltima medida permitiria, de acordo com as contas apresentadas pelo Di\u00e1rio de Not\u00edcias em Maio de 2013, uma poupan\u00e7a anual de 200 milh\u00f5es de euros. O 'chato', talvez, \u00e9 que isso afetaria muitos pol\u00edticos 'pobrezinhos' cujas reformas n\u00e3o chegam para pagar as suas despesas...<\/p>\n<p>Ser\u00e1 'masoquismo' dizer que a situa\u00e7\u00e3o social portuguesa \u00e9 insustent\u00e1vel?<\/p>\n<\/div>\n","protected":false},"excerpt":{"rendered":"<p>Aurora Teixeira, Vis\u00e3o on line, N\u00e3o era esta a cr\u00f3nica que eu planeava escrever mas o desenrolar dos eventos nas \u00faltimas horas obrigaram-me a alterar os planos.<\/p>\n","protected":false},"author":1,"featured_media":0,"comment_status":"closed","ping_status":"closed","sticky":false,"template":"","format":"standard","meta":{"_bbp_topic_count":0,"_bbp_reply_count":0,"_bbp_total_topic_count":0,"_bbp_total_reply_count":0,"_bbp_voice_count":0,"_bbp_anonymous_reply_count":0,"_bbp_topic_count_hidden":0,"_bbp_reply_count_hidden":0,"_bbp_forum_subforum_count":0,"_exactmetrics_skip_tracking":false,"_exactmetrics_sitenote_active":false,"_exactmetrics_sitenote_note":"","_exactmetrics_sitenote_category":0,"footnotes":""},"categories":[72,123],"tags":[],"class_list":["post-5873","post","type-post","status-publish","format-standard","hentry","category-cronicas","category-visao-online"],"_links":{"self":[{"href":"https:\/\/obegef.pt\/wordpress\/index.php?rest_route=\/wp\/v2\/posts\/5873","targetHints":{"allow":["GET"]}}],"collection":[{"href":"https:\/\/obegef.pt\/wordpress\/index.php?rest_route=\/wp\/v2\/posts"}],"about":[{"href":"https:\/\/obegef.pt\/wordpress\/index.php?rest_route=\/wp\/v2\/types\/post"}],"author":[{"embeddable":true,"href":"https:\/\/obegef.pt\/wordpress\/index.php?rest_route=\/wp\/v2\/users\/1"}],"replies":[{"embeddable":true,"href":"https:\/\/obegef.pt\/wordpress\/index.php?rest_route=%2Fwp%2Fv2%2Fcomments&post=5873"}],"version-history":[{"count":5,"href":"https:\/\/obegef.pt\/wordpress\/index.php?rest_route=\/wp\/v2\/posts\/5873\/revisions"}],"predecessor-version":[{"id":6090,"href":"https:\/\/obegef.pt\/wordpress\/index.php?rest_route=\/wp\/v2\/posts\/5873\/revisions\/6090"}],"wp:attachment":[{"href":"https:\/\/obegef.pt\/wordpress\/index.php?rest_route=%2Fwp%2Fv2%2Fmedia&parent=5873"}],"wp:term":[{"taxonomy":"category","embeddable":true,"href":"https:\/\/obegef.pt\/wordpress\/index.php?rest_route=%2Fwp%2Fv2%2Fcategories&post=5873"},{"taxonomy":"post_tag","embeddable":true,"href":"https:\/\/obegef.pt\/wordpress\/index.php?rest_route=%2Fwp%2Fv2%2Ftags&post=5873"}],"curies":[{"name":"wp","href":"https:\/\/api.w.org\/{rel}","templated":true}]}}