{"id":49673,"date":"2026-04-27T12:59:47","date_gmt":"2026-04-27T12:59:47","guid":{"rendered":"https:\/\/obegef.pt\/wordpress\/?p=49673"},"modified":"2026-04-30T13:05:47","modified_gmt":"2026-04-30T13:05:47","slug":"a-anormalidade-da-fraude-3-2-2-2-2-2-2-2-2-2-2-2-2-2-2-2-2-2-3-2-2-2-2-2-3-2-2-3-2-2-2-2-2-2-2-2-2-2-2-2-2-2-2-2-2-2-2-2-2-2-2-2-2-2-3-2-2-2-2-2-3-2-2-2-2-2-2-2-2-2-2-2-2-2-2-3-2-2-2-4-2-2-2-2-2-2-420","status":"publish","type":"post","link":"https:\/\/obegef.pt\/wordpress\/?p=49673","title":{"rendered":"Porqu\u00ea pedir fatura mesmo quando custa faz\u00ea-lo"},"content":{"rendered":"\n<p class=\"has-text-align-left\"><span><span style=\"color: rgb(255, 0, 0); font-weight: bold;\">Jos\u00e9 Ant\u00f3nio Moreira, Jornal SOL<\/span><\/span><\/p>\n\n\n<div class=\"wp-block-image\">\n<figure class=\"alignleft is-resized\"><a href=\"https:\/\/sol.iol.pt\/opiniao\/noticias\/jose-antonio-moreira-porque-pedir-fatura-mesmo-quando-custa-faze-lo\/20260423\/69e9e1f40cf27cac6fcf25e8\" target=\"_blank\" rel=\" noreferrer noopener\"><img loading=\"lazy\" decoding=\"async\" width=\"16\" height=\"16\" src=\"http:\/\/obegef.pt\/wordpress\/wp-content\/uploads\/2009\/01\/go2.png\" alt=\"\" class=\"wp-image-19\" style=\"width:20px;height:auto\" title=\"Liga\u00e7\u00e3o \u00e0 Publica\u00e7\u00e3o\"\/><\/a><\/figure><\/div>\n\n\n<p><em>O valor que o cliente paga, sem fatura, n\u00e3o entra na contabilidade, n\u00e3o paga imposto e n\u00e3o existe legalmente<\/em><\/p>\n\n\n\n<!--more-->\n\n\n\n<p>O domingo permite-me um pequeno luxo familiar: p\u00e3o fresco ao pequeno almo\u00e7o. Como de costume, fui \u00e0 confeitaria do bairro ainda cedo. E foi precisamente num desses momentos banais que se tornou evidente um problema estrutural que muitos preferem ignorar.<\/p>\n\n\n\n<p>\u00c0 minha frente na fila, um cliente comprou p\u00e3o e recusou a fatura. Pagou e saiu. Quando chegou a minha vez, apanhei a funcion\u00e1ria da caixa \u2014 claramente inexperiente \u2014 a perguntar ao gerente, num tom suficientemente alto para ser ouvido: \u201cEste valor vai para a parte do Multibanco?\u201d. O detalhe \u00e9 simples, mas decisivo: o cliente anterior n\u00e3o tinha pagado com cart\u00e3o. \u00c9 aqui que come\u00e7a a hipocrisia coletiva.<\/p>\n\n\n\n<p>Todos j\u00e1 sentimos o mesmo inc\u00f3modo: pedir fatura por um caf\u00e9, por um p\u00e3o, por uma despesa m\u00ednima parece excessivo, quase pedante. H\u00e1 sempre uma justifica\u00e7\u00e3o pronta. O consumo de papel. O tempo perdido. A sensa\u00e7\u00e3o de que, se o valor aparece no visor da m\u00e1quina, ent\u00e3o \u201cfica registado\u201d. Por comodismo ou irrelevante civismo ambiental, cedemos. E ao ceder, alimentamos o problema.<a href=\"https:\/\/premium.iol.pt\/?cta=underpub&amp;site=https:\/\/sol.iol.pt\"><\/a><\/p>\n\n\n\n<p>Conv\u00e9m diz\u00ea lo sem rodeios: se n\u00e3o h\u00e1 fatura, n\u00e3o h\u00e1 registo fiscal. As m\u00e1quinas de fatura\u00e7\u00e3o podem ter software certificado, mas a Autoridade Tribut\u00e1ria s\u00f3 tem conhecimento de uma transa\u00e7\u00e3o quando a fatura \u00e9 efetivamente emitida. Tudo o resto \u00e9 teatro. O valor que o cliente paga, sem fatura, n\u00e3o entra na contabilidade, n\u00e3o paga imposto e n\u00e3o existe legalmente. \u00c9 evas\u00e3o fiscal simples, quotidiana e amplamente tolerada.<\/p>\n\n\n\n<p>O numer\u00e1rio \u00e9 o aliado perfeito desse jogo. Nos pagamentos por cart\u00e3o, existe pelo menos um trav\u00e3o: os montantes recebidos eletronicamente deixam rasto e obrigam a alguma coer\u00eancia com a fatura\u00e7\u00e3o declarada. J\u00e1 o dinheiro vivo oferece discri\u00e7\u00e3o absoluta. \u00c9 por isso que continua a ser t\u00e3o conveniente para quem foge ao fisco, e t\u00e3o prejudicial para todos os outros.<\/p>\n\n\n\n<p>O epis\u00f3dio da confeitaria deixou ainda mais claro para mim algo de que j\u00e1 suspeitava: os softwares de caixa registadora est\u00e3o preparados para separar o que \u00e9 faturado do que \u00e9 apenas \u201cacomodado\u201d para fazer os n\u00fameros baterem certo. Pode parecer exagero. N\u00e3o \u00e9. Basta olhar para as declara\u00e7\u00f5es de rendimentos de in\u00fameras pequenas unidades comerciais e industriais. Lucros sistematicamente pr\u00f3ximos de zero. Por vezes, anos consecutivos de preju\u00edzos. Tudo isto em neg\u00f3cios que sobrevivem h\u00e1 d\u00e9cadas. A fic\u00e7\u00e3o contabil\u00edstica tornou se regra.<\/p>\n\n\n\n<p>E depois perguntamo-nos porque faltam recursos ao Estado, porque a carga fiscal pesa sempre sobre os mesmos, porque os contribuintes cumpridores se sentem idiotas \u00fateis.<\/p>\n\n\n\n<p>Pedir fatura n\u00e3o \u00e9 um capricho, nem um gesto de desconfian\u00e7a pessoal. \u00c9 um ato m\u00ednimo de responsabilidade c\u00edvica. O acanhamento que possamos sentir \u00e9 irrelevante. O argumento ambiental \u00e9 fr\u00e1gil. A toler\u00e2ncia social a este tipo de pr\u00e1ticas \u00e9 que devia ser fonte de desconforto.<\/p>\n\n\n\n<p>Por isso, da pr\u00f3xima vez que comprar p\u00e3o, tomar um caf\u00e9 ou pagar uma despesa \u201csem import\u00e2ncia\u201d, fa\u00e7a apenas isto: pe\u00e7a fatura. N\u00e3o apenas pela sociedade, mas tamb\u00e9m por si pr\u00f3prio: a fatura \u00e9 o \u00fanico documento que lhe garante direitos enquanto consumidor, desde a troca de um produto \u00e0 reclama\u00e7\u00e3o de uma garantia. Solicite-a sempre, sempre. Para o bem de todos, a come\u00e7ar pelo seu.<\/p>\n","protected":false},"excerpt":{"rendered":"<p>Jos\u00e9 Ant\u00f3nio Moreira, Jornal SOL O valor que o cliente paga, sem fatura, n\u00e3o entra na contabilidade, n\u00e3o paga imposto e n\u00e3o existe legalmente<\/p>\n","protected":false},"author":1,"featured_media":0,"comment_status":"closed","ping_status":"closed","sticky":false,"template":"","format":"standard","meta":{"_bbp_topic_count":0,"_bbp_reply_count":0,"_bbp_total_topic_count":0,"_bbp_total_reply_count":0,"_bbp_voice_count":0,"_bbp_anonymous_reply_count":0,"_bbp_topic_count_hidden":0,"_bbp_reply_count_hidden":0,"_bbp_forum_subforum_count":0,"_exactmetrics_skip_tracking":false,"_exactmetrics_sitenote_active":false,"_exactmetrics_sitenote_note":"","_exactmetrics_sitenote_category":0,"footnotes":""},"categories":[72,303],"tags":[],"class_list":["post-49673","post","type-post","status-publish","format-standard","hentry","category-cronicas","category-sol"],"_links":{"self":[{"href":"https:\/\/obegef.pt\/wordpress\/index.php?rest_route=\/wp\/v2\/posts\/49673","targetHints":{"allow":["GET"]}}],"collection":[{"href":"https:\/\/obegef.pt\/wordpress\/index.php?rest_route=\/wp\/v2\/posts"}],"about":[{"href":"https:\/\/obegef.pt\/wordpress\/index.php?rest_route=\/wp\/v2\/types\/post"}],"author":[{"embeddable":true,"href":"https:\/\/obegef.pt\/wordpress\/index.php?rest_route=\/wp\/v2\/users\/1"}],"replies":[{"embeddable":true,"href":"https:\/\/obegef.pt\/wordpress\/index.php?rest_route=%2Fwp%2Fv2%2Fcomments&post=49673"}],"version-history":[{"count":2,"href":"https:\/\/obegef.pt\/wordpress\/index.php?rest_route=\/wp\/v2\/posts\/49673\/revisions"}],"predecessor-version":[{"id":49675,"href":"https:\/\/obegef.pt\/wordpress\/index.php?rest_route=\/wp\/v2\/posts\/49673\/revisions\/49675"}],"wp:attachment":[{"href":"https:\/\/obegef.pt\/wordpress\/index.php?rest_route=%2Fwp%2Fv2%2Fmedia&parent=49673"}],"wp:term":[{"taxonomy":"category","embeddable":true,"href":"https:\/\/obegef.pt\/wordpress\/index.php?rest_route=%2Fwp%2Fv2%2Fcategories&post=49673"},{"taxonomy":"post_tag","embeddable":true,"href":"https:\/\/obegef.pt\/wordpress\/index.php?rest_route=%2Fwp%2Fv2%2Ftags&post=49673"}],"curies":[{"name":"wp","href":"https:\/\/api.w.org\/{rel}","templated":true}]}}