{"id":49581,"date":"2026-02-25T17:32:44","date_gmt":"2026-02-25T17:32:44","guid":{"rendered":"https:\/\/obegef.pt\/wordpress\/?p=49581"},"modified":"2026-02-28T17:41:58","modified_gmt":"2026-02-28T17:41:58","slug":"paradigmas-formacao-e-fraude-3-3-3-2-2-3-2-2-2-3-2-2-2-2-2-2-2-3-4-2-3-3-2-2-2-2-2-3-2-2-2-3-2-2-3-4-3-2-2-2","status":"publish","type":"post","link":"https:\/\/obegef.pt\/wordpress\/?p=49581","title":{"rendered":"Reuni\u00e3o de Alto N\u00edvel com a Comiss\u00e3o Europeia \u2013 Relat\u00f3rio Rule of Law"},"content":{"rendered":"<p><span style=\"color: #d8070f;\"><strong>OBEGEF<\/strong><\/span><\/p>\n<p><em>Nota de Posi\u00e7\u00e3o do OBEGEF<\/em><\/p>\n<p><!--more--><\/p>\n\n\n<p><em><br><\/em>O OBEGEF, enquanto organiza\u00e7\u00e3o da sociedade civil, foi auscultado pela Comiss\u00e3o Europeia, para efeitos de elabora\u00e7\u00e3o posterior do Relat\u00f3rio Rule of Law e representado por Rute Serra, membro da Dire\u00e7\u00e3o.<\/p>\n\n\n\n<p>A reuni\u00e3o ocorreu a 25\/02\/2026, nas instala\u00e7\u00f5es da Comiss\u00e3o Europeia, em Lisboa. Em s\u00edntese, d\u00e1-se nota p\u00fablica dos temas abordados e respetivo posicionamento do OBEGEF<\/p>\n\n\n\n<figure class=\"wp-block-image size-full is-resized\"><a href=\"https:\/\/obegef.pt\/wordpress\/wp-content\/uploads\/2026\/02\/Nota_Posicao_OBEGEF_Rule_of_Law_2026.pdf\" target=\"_blank\" rel=\" noreferrer noopener\"><img loading=\"lazy\" decoding=\"async\" width=\"172\" height=\"222\" src=\"https:\/\/obegef.pt\/wordpress\/wp-content\/uploads\/2021\/07\/pdf.jpg\" alt=\"\" class=\"wp-image-46122\" style=\"width:60px;height:auto\"\/><\/a><\/figure>\n\n\n\n<p><\/p>\n","protected":false},"excerpt":{"rendered":"<p>OBEGEF Nota de Posi\u00e7\u00e3o do OBEGEF<\/p>\n","protected":false},"author":1,"featured_media":0,"comment_status":"closed","ping_status":"closed","sticky":false,"template":"","format":"standard","meta":{"_bbp_topic_count":0,"_bbp_reply_count":0,"_bbp_total_topic_count":0,"_bbp_total_reply_count":0,"_bbp_voice_count":0,"_bbp_anonymous_reply_count":0,"_bbp_topic_count_hidden":0,"_bbp_reply_count_hidden":0,"_bbp_forum_subforum_count":0,"_exactmetrics_skip_tracking":false,"_exactmetrics_sitenote_active":false,"_exactmetrics_sitenote_note":"","_exactmetrics_sitenote_category":0,"footnotes":""},"categories":[42],"tags":[],"class_list":["post-49581","post","type-post","status-publish","format-standard","hentry","category-intervencoes_publicas"],"_links":{"self":[{"href":"https:\/\/obegef.pt\/wordpress\/index.php?rest_route=\/wp\/v2\/posts\/49581","targetHints":{"allow":["GET"]}}],"collection":[{"href":"https:\/\/obegef.pt\/wordpress\/index.php?rest_route=\/wp\/v2\/posts"}],"about":[{"href":"https:\/\/obegef.pt\/wordpress\/index.php?rest_route=\/wp\/v2\/types\/post"}],"author":[{"embeddable":true,"href":"https:\/\/obegef.pt\/wordpress\/index.php?rest_route=\/wp\/v2\/users\/1"}],"replies":[{"embeddable":true,"href":"https:\/\/obegef.pt\/wordpress\/index.php?rest_route=%2Fwp%2Fv2%2Fcomments&post=49581"}],"version-history":[{"count":2,"href":"https:\/\/obegef.pt\/wordpress\/index.php?rest_route=\/wp\/v2\/posts\/49581\/revisions"}],"predecessor-version":[{"id":49584,"href":"https:\/\/obegef.pt\/wordpress\/index.php?rest_route=\/wp\/v2\/posts\/49581\/revisions\/49584"}],"wp:attachment":[{"href":"https:\/\/obegef.pt\/wordpress\/index.php?rest_route=%2Fwp%2Fv2%2Fmedia&parent=49581"}],"wp:term":[{"taxonomy":"category","embeddable":true,"href":"https:\/\/obegef.pt\/wordpress\/index.php?rest_route=%2Fwp%2Fv2%2Fcategories&post=49581"},{"taxonomy":"post_tag","embeddable":true,"href":"https:\/\/obegef.pt\/wordpress\/index.php?rest_route=%2Fwp%2Fv2%2Ftags&post=49581"}],"curies":[{"name":"wp","href":"https:\/\/api.w.org\/{rel}","templated":true}]}}