{"id":49573,"date":"2026-02-26T09:00:00","date_gmt":"2026-02-26T09:00:00","guid":{"rendered":"https:\/\/obegef.pt\/wordpress\/?p=49573"},"modified":"2026-02-28T17:20:41","modified_gmt":"2026-02-28T17:20:41","slug":"ai-que-eu-caio-segurem-me-que-eu-caio-2-2-3-2-2-2-2-2-2-2-2-2-2-2-2-2-2-2-2-2-2-2-2-2-2-2-2-2-2-2-2-2-2-2-3-2-2-2-2-2-2-2-2-2-2-2-7-2-2-2-3-2-4-3-2-31-9-2-2-2-2-2-2-2-2-2-2-2-2-2-2-2-2-2-2-2-2-3-2-138","status":"publish","type":"post","link":"https:\/\/obegef.pt\/wordpress\/?p=49573","title":{"rendered":"Alice no Pa\u00eds (da perce\u00e7\u00e3o) da Corrup\u00e7\u00e3o e do Populismo"},"content":{"rendered":"\n<p><span><span style=\"font-weight: bold; color: rgb(216, 7, 15);\">Ant\u00f3nio Dias, <span style=\"color: #ff0000;\"><span style=\"color: #005500;\"><span style=\"color: #ff0000;\">OBEGEF<\/span><\/span><\/span><\/span><\/span><\/p>\n\n\n<div class=\"wp-block-image\">\n<figure class=\"alignleft is-resized\"><a href=\"https:\/\/obegef.pt\/wordpress\/wp-content\/uploads\/2026\/02\/facebook137.pdf\" target=\"_blank\" rel=\" noreferrer noopener\"><img loading=\"lazy\" decoding=\"async\" width=\"16\" height=\"16\" src=\"http:\/\/obegef.pt\/wordpress\/wp-content\/uploads\/2013\/05\/pdf_button.png\" alt=\"\" class=\"wp-image-2032\" style=\"width:26px;height:auto\" title=\"Ficheiro PDF\"\/><\/a><\/figure><\/div>\n\n\n<p><\/p>\n\n\n<div class=\"wp-block-image\">\n<figure class=\"alignleft is-resized\"><a href=\"https:\/\/www.facebook.com\/photo\/?fbid=1236190782040683&amp;set=pb.100069493190653.-2207520000\" target=\"_blank\" rel=\" noreferrer noopener\"><img loading=\"lazy\" decoding=\"async\" width=\"16\" height=\"16\" src=\"http:\/\/obegef.pt\/wordpress\/wp-content\/uploads\/2009\/01\/go2.png\" alt=\"\" class=\"wp-image-19\" style=\"width:20px;height:auto\" title=\"Liga\u00e7\u00e3o \u00e0 Publica\u00e7\u00e3o\"\/><\/a><\/figure><\/div>\n\n\n<p><em>Ol\u00e1 Alice\u2026 \u00e0 boleia da publica\u00e7\u00e3o de estudos recentes, hoje vamos voltar a refletir sobre Corrup\u00e7\u00e3o e, tamb\u00e9m\u2026 sobre Populismo.<\/em><\/p>\n\n\n\n<!--more-->\n\n\n\n<p>- A Transpar\u00eancia Internacional divulgou os resultados do \u201c<em>Corruption Perceptions Index 2025<\/em>\u201d, um estudo que compara o n\u00edvel de perce\u00e7\u00e3o de corrup\u00e7\u00e3o em 182 pa\u00edses, com base em 13 fontes de informa\u00e7\u00e3o, independentes e especializadas, que baseadas em dados publicados nos dois anos anteriores, mensuram a perce\u00e7\u00e3o sobre a corrup\u00e7\u00e3o no setor p\u00fablico.<\/p>\n\n\n\n<p>Em compara\u00e7\u00e3o com 2024, Portugal caiu tr\u00eas posi\u00e7\u00f5es e ocupa o 46.\u00ba lugar, tendo obtido o resultado mais baixo de sempre, 56 pontos (num total de 100, a melhor pontua\u00e7\u00e3o poss\u00edvel). Naturalmente, ainda que se possa dizer que estamos no primeiro ter\u00e7o da tabela, esta classifica\u00e7\u00e3o n\u00e3o \u00e9 propriamente honrosa.<\/p>\n\n\n\n<p>Mas o pior, n\u00e3o \u00e9, por si s\u00f3, a classifica\u00e7\u00e3o obtida em 2025. O pior, \u00e9 que este resultado confirma a tend\u00eancia de descida no <em>rating<\/em> iniciada em 2018, ano em que ocup\u00e1vamos o 30.\u00ba lugar e obtivemos 64 pontos.<\/p>\n\n\n\n<p>Contudo, os dados indiciam que n\u00e3o se trata apenas de um problema de Portugal, mas sim, de forma gen\u00e9rica, de toda a Europa (ainda que continue a ser a regi\u00e3o considerada menos corrupta do mundo).<\/p>\n\n\n\n<p>- Alice: Ent\u00e3o, apesar da maioria dos governos Europeus reafirmarem constantemente que v\u00e3o combater a Corrup\u00e7\u00e3o, a avalia\u00e7\u00e3o da perce\u00e7\u00e3o tem vindo a piorar?<\/p>\n\n\n\n<p>- Parece que sim, Alice. Mas ainda \u00e9 cedo para uma resposta.<\/p>\n\n\n\n<p>Vejamos agora o estudo \u201c<em>Citizens\u2019 Attitudes Towards Corruption in the UE in 2025<\/em>\u201d, publicado pela Comiss\u00e3o Europeia e que apresenta os resultados de um inqu\u00e9rito, sobre perce\u00e7\u00e3o da corrup\u00e7\u00e3o, realizado junto de cidad\u00e3os dos 27 estados membro da UE.<\/p>\n\n\n\n<p>Se nos focarmos em exclusivo nos dados relativos a Portugal, verificamos que 91% dos portugueses inquiridos consideram a corrup\u00e7\u00e3o como \u201ccomum no pa\u00eds\u201d, menos 5p.p. que no relat\u00f3rio relativo a 2024, o que pode indiciar alguma melhoria.<\/p>\n\n\n\n<p>Por\u00e9m, n\u00e3o deixa de ser um valor muito pr\u00f3ximo do total, bastante superior \u00e0 m\u00e9dia europeia que corresponde a 69%, sendo Portugal o terceiro pa\u00eds com taxa mais elevada.<\/p>\n\n\n\n<p>A percentagem obtida, permite admitir que se trata de uma opini\u00e3o generalizada na popula\u00e7\u00e3o, para a qual, certamente contribuem os casos medi\u00e1ticos que envolvem figuras not\u00e1veis, que geram elevado impacto na perce\u00e7\u00e3o da corrup\u00e7\u00e3o no pa\u00eds e penalizam a imagem da Democracia.<\/p>\n\n\n\n<p>Ainda de destacar que 90% dos inquiridos admite existir corrup\u00e7\u00e3o nas institui\u00e7\u00f5es p\u00fablicas nacionais e 86% consideram que a exist\u00eancia de rela\u00e7\u00f5es muito estreitas entre as empresas e a pol\u00edtica conduzem \u00e0 corrup\u00e7\u00e3o (em ambas as situa\u00e7\u00f5es, o segundo registo mais alto do estudo).<\/p>\n\n\n\n<p>Para 61% dos portugueses inquiridos, nos \u00faltimos tr\u00eas anos a corrup\u00e7\u00e3o em Portugal tem vindo a aumentar (m\u00e9dia UE 44%), sendo que os partidos (com 64%, m\u00e9dia UE 51%) e os pol\u00edticos (com 63%, m\u00e9dia UE 46%) s\u00e3o os grupos percecionados como os mais perme\u00e1veis ao suborno e abuso de poder.<\/p>\n\n\n\n<p>Quanto aos esfor\u00e7os para acabar com a corrup\u00e7\u00e3o, 57% dos inquiridos considera que s\u00e3o insuficientes em Portugal e 74% entende que os casos de alta corrup\u00e7\u00e3o n\u00e3o s\u00e3o suficientemente perseguidos, sendo que apenas 30% dos inquiridos admite que os esfor\u00e7os governamentais para combater a corrup\u00e7\u00e3o s\u00e3o efetivos.<\/p>\n\n\n\n<p>E, para finalizar, apenas 1% confirma que testemunhou ou experimentou, nos \u00faltimos 12 meses, alguma situa\u00e7\u00e3o relacionada com corrup\u00e7\u00e3o, o registo mais baixo da UE.<\/p>\n\n\n\n<p>- Alice: N\u00e3o compreendo, se a corrup\u00e7\u00e3o em Portugal \u00e9 percecionada pelos seus cidad\u00e3os como elevada e \u201ccomum\u201d, n\u00e3o seria de esperar que fossem frequentemente confrontados com situa\u00e7\u00f5es concretas de corrup\u00e7\u00e3o?<\/p>\n\n\n\n<p>- Sim, Alice. Partilho a tua surpresa e dificuldade de compreens\u00e3o. Mas nota, uma coisa s\u00e3o as perce\u00e7\u00f5es que as pessoas t\u00eam, outra, \u00e9 o que de facto acontece. De outra forma, nem sempre temos capacidade para distinguir a realidade, da imagem que dela temos.<\/p>\n\n\n\n<p>E parece-me Alice, que a maior parte das pessoas, mais do que aquilo que v\u00ea ou vive, constru\u00ed a sua perce\u00e7\u00e3o baseada no que ouve, sobretudo num contexto em que a corrup\u00e7\u00e3o \u00e9 tema p\u00fablico e medi\u00e1tico e est\u00e1 no centro do discurso populista.<\/p>\n\n\n\n<p>\u00c9 muito f\u00e1cil cativar a aten\u00e7\u00e3o dos ouvintes quando o tema s\u00e3o os meandros da corrup\u00e7\u00e3o, que poucos favorece, mas que muitos prejudica. \u00c9 muito f\u00e1cil generalizar, criticar e apontar o dedo. \u00c9 muito f\u00e1cil assumir com eloqu\u00eancia que se far\u00e1 melhor (como se os agentes do populismo fossem imunes \u00e0 corrup\u00e7\u00e3o, quando n\u00e3o s\u00e3o). \u00c9 muito f\u00e1cil construir perce\u00e7\u00f5es, nem sempre verdadeiras, e contagiar uma popula\u00e7\u00e3o insatisfeita.<\/p>\n\n\n\n<p><a>Sabes, Alice, <\/a>a corrup\u00e7\u00e3o, floresce no sil\u00eancio da coniv\u00eancia. Enquanto a perce\u00e7\u00e3o da corrup\u00e7\u00e3o, cresce com ru\u00eddo, muito ru\u00eddo.<\/p>\n\n\n\n<p>Sendo tu uma jovem, \u00e9 a ti e a todos os jovens que se imp\u00f5e a clareza necess\u00e1ria. Mas n\u00e3o esque\u00e7as, \u00e9 dif\u00edcil acabar com a corrup\u00e7\u00e3o, se \u00e9 que ela pode ter fim.<\/p>\n\n\n\n<p>A corrup\u00e7\u00e3o \u00e9 indissoci\u00e1vel \u00e0 vida em comunidade e \u00e0s rela\u00e7\u00f5es de poder que s\u00e3o estabelecidas, em qualquer tipo de regime. Lembro-me de uma frase antiga, referida por pessoas humildes que viveram na Ditadura (onde n\u00e3o se falava de corrup\u00e7\u00e3o, ainda que visivelmente existisse) e depositaram toda a sua esperan\u00e7a na Democracia, e desiludidos, comentavam:<\/p>\n\n\n\n<p>\u201cA manjedoura \u00e9 a mesma\u2026 os animais \u00e9 que s\u00e3o outros.\u201d<\/p>\n\n\n\n<p>- Alice: N\u00e3o h\u00e1 nada a fazer?<\/p>\n\n\n\n<p>- Bem, poder\u00e1 n\u00e3o ser poss\u00edvel erradicar de forma definitiva a corrup\u00e7\u00e3o, mas pode-se combater e atenuar.<\/p>\n\n\n\n<p>A luta contra a corrup\u00e7\u00e3o \u00e9 uma responsabilidade coletiva que deve ser alicer\u00e7ada na cidadania ativa e em institui\u00e7\u00f5es robustas, integras e independentes, que possam ser percecionadas como um pilar de transpar\u00eancia e de confian\u00e7a p\u00fablica.<\/p>\n\n\n\n<p>A solu\u00e7\u00e3o, n\u00e3o \u00e9 a constante narrativa artificial e moralizadora patente no discurso populista. Pura demagogia, em que os seus agentes, cientes dos seus interesses, todos acusam enquanto enaltecem as suas falsas virtudes.<\/p>\n\n\n\n<p>- Alice: Sabes, criando um paralelo com as personagens da f\u00e1bula de onde venho, a perce\u00e7\u00e3o da corrup\u00e7\u00e3o tem toques de Chapeleiro Louco, cheio de enigmas sem resposta, incoerente e mau anfitri\u00e3o. J\u00e1 a narrativa populista, corresponde \u00e0 Falsa Tartaruga e as suas err\u00f3neas e incoerentes li\u00e7\u00f5es.<\/p>\n","protected":false},"excerpt":{"rendered":"<p>Ant\u00f3nio Dias, OBEGEF Ol\u00e1 Alice\u2026 \u00e0 boleia da publica\u00e7\u00e3o de estudos recentes, hoje vamos voltar a refletir sobre Corrup\u00e7\u00e3o e, tamb\u00e9m\u2026 sobre Populismo.<\/p>\n","protected":false},"author":1,"featured_media":0,"comment_status":"closed","ping_status":"closed","sticky":false,"template":"","format":"standard","meta":{"_bbp_topic_count":0,"_bbp_reply_count":0,"_bbp_total_topic_count":0,"_bbp_total_reply_count":0,"_bbp_voice_count":0,"_bbp_anonymous_reply_count":0,"_bbp_topic_count_hidden":0,"_bbp_reply_count_hidden":0,"_bbp_forum_subforum_count":0,"_exactmetrics_skip_tracking":false,"_exactmetrics_sitenote_active":false,"_exactmetrics_sitenote_note":"","_exactmetrics_sitenote_category":0,"footnotes":""},"categories":[72,284],"tags":[],"class_list":["post-49573","post","type-post","status-publish","format-standard","hentry","category-cronicas","category-obegef-facebook"],"_links":{"self":[{"href":"https:\/\/obegef.pt\/wordpress\/index.php?rest_route=\/wp\/v2\/posts\/49573","targetHints":{"allow":["GET"]}}],"collection":[{"href":"https:\/\/obegef.pt\/wordpress\/index.php?rest_route=\/wp\/v2\/posts"}],"about":[{"href":"https:\/\/obegef.pt\/wordpress\/index.php?rest_route=\/wp\/v2\/types\/post"}],"author":[{"embeddable":true,"href":"https:\/\/obegef.pt\/wordpress\/index.php?rest_route=\/wp\/v2\/users\/1"}],"replies":[{"embeddable":true,"href":"https:\/\/obegef.pt\/wordpress\/index.php?rest_route=%2Fwp%2Fv2%2Fcomments&post=49573"}],"version-history":[{"count":3,"href":"https:\/\/obegef.pt\/wordpress\/index.php?rest_route=\/wp\/v2\/posts\/49573\/revisions"}],"predecessor-version":[{"id":49578,"href":"https:\/\/obegef.pt\/wordpress\/index.php?rest_route=\/wp\/v2\/posts\/49573\/revisions\/49578"}],"wp:attachment":[{"href":"https:\/\/obegef.pt\/wordpress\/index.php?rest_route=%2Fwp%2Fv2%2Fmedia&parent=49573"}],"wp:term":[{"taxonomy":"category","embeddable":true,"href":"https:\/\/obegef.pt\/wordpress\/index.php?rest_route=%2Fwp%2Fv2%2Fcategories&post=49573"},{"taxonomy":"post_tag","embeddable":true,"href":"https:\/\/obegef.pt\/wordpress\/index.php?rest_route=%2Fwp%2Fv2%2Ftags&post=49573"}],"curies":[{"name":"wp","href":"https:\/\/api.w.org\/{rel}","templated":true}]}}