{"id":49564,"date":"2026-02-20T21:41:37","date_gmt":"2026-02-20T21:41:37","guid":{"rendered":"https:\/\/obegef.pt\/wordpress\/?p=49564"},"modified":"2026-02-22T21:46:57","modified_gmt":"2026-02-22T21:46:57","slug":"a-anormalidade-da-fraude-3-2-2-2-2-2-2-2-2-2-2-2-2-2-2-2-2-2-3-2-2-2-2-2-3-2-2-3-2-2-2-2-2-2-2-2-2-2-2-2-2-2-2-2-2-2-2-2-2-2-2-2-2-2-3-2-2-2-2-2-3-2-2-2-2-2-2-2-2-2-2-2-2-2-2-3-2-2-2-4-2-2-2-2-2-2-402","status":"publish","type":"post","link":"https:\/\/obegef.pt\/wordpress\/?p=49564","title":{"rendered":"DO L\u00d3BI MAU AO L\u00d3BI BOM OU O INVERSO"},"content":{"rendered":"\n<p class=\"has-text-align-left\"><span><span style=\"color: rgb(255, 0, 0); font-weight: bold;\">Manuel Ferreira Ramos, Jornal SOL<\/span><\/span><\/p>\n\n\n<div class=\"wp-block-image\">\n<figure class=\"alignleft is-resized\"><a href=\"https:\/\/obegef.pt\/wordpress\/wp-content\/uploads\/2009\/01\/go2.png\" target=\"_blank\" rel=\" noreferrer noopener\"><img loading=\"lazy\" decoding=\"async\" width=\"16\" height=\"16\" src=\"http:\/\/obegef.pt\/wordpress\/wp-content\/uploads\/2009\/01\/go2.png\" alt=\"\" class=\"wp-image-19\" style=\"width:20px;height:auto\" title=\"Liga\u00e7\u00e3o \u00e0 Publica\u00e7\u00e3o\"\/><\/a><\/figure><\/div>\n\n\n<p><em>H\u00e1, o verdadeiro, h\u00e1 o Lobi Bom, como sempre houve, desde que os soberanos ouviam os s\u00fabditos, que protege sempre o interesse p\u00fablico<\/em><\/p>\n\n\n\n<!--more-->\n\n\n\n<p>Como em tudo h\u00e1 sempre, pelo menos, duas formas de abordagem das quest\u00f5es.<\/p>\n\n\n\n<p>Lembram se da m\u00e1 moeda. Aqui \u00e9 mais ou menos a mesma coisa e significa a nossa coer\u00eancia.<\/p>\n\n\n\n<p>Temos leis extraordin\u00e1rias (veja-se a lei de bases do clima \u2013 Lei n.\u00ba 98\/2021, de 31 de dezembro \u2013 que todos agora redescobrimos) e debates parlamentares \u00e9picos (n\u00e3o estou a falar de Jos\u00e9 Estev\u00e3o, estou mesmo a lembrar-me dos tristemente assinalados referentes aos inc\u00eandios e ao SIRESP).<\/p>\n\n\n\n<p>E depois temos a falta de regulamenta\u00e7\u00e3o, a cria\u00e7\u00e3o de comiss\u00f5es de avalia\u00e7\u00e3o que n\u00e3o avaliam tamb\u00e9m porque n\u00e3o h\u00e1 nada para avaliar, a cria\u00e7\u00e3o de entidades que n\u00e3o tem meios e a legisla\u00e7\u00e3o feita pelo legislador num qualquer pa\u00eds de Lewis Carroll!<\/p>\n\n\n\n<p>Come\u00e7\u00e1mos o ano com a lei do L\u00f3bi, <a href=\"https:\/\/files.diariodarepublica.pt\/1s\/2026\/01\/01901\/0000200011.pdf\">Lei 5-A\/2026, de 28 de janeiro<\/a>, que afinal n\u00e3o \u00e9 a lei do L\u00f3bi mas a lei que regula a representa\u00e7\u00e3o de interesses junto de entidades p\u00fablicas para aumentar a transpar\u00eancia.<\/p>\n\n\n\n<p>Depois de 10 anos, mais coisa menos coisa, depois de avan\u00e7os e recuos, depois da necess\u00e1ria mistura daquilo que \u00e9 crime e continua a ser crime e que deveria ainda ser mais penalizado e menos tolerado \u2013 seja referente a sa\u00fade, a robalos, a virgulas, a amigos, a polvos, a advogados travestidos de legisladores \u2013 e depois&nbsp; de um debate ser\u00f4dio de fim de tarde, que por junto d\u00e1 meia d\u00fazia de p\u00e1ginas do Di\u00e1rio da Assembleia, escondido entre outros dois pontos de relev\u00e2ncia diversa, l\u00e1 se resolveu o assunto!<\/p>\n\n\n\n<p>Bem? Bem, para quem s\u00f3 percebe o L\u00f3bi mau, o L\u00f3bi como sin\u00f3nimo de corrup\u00e7\u00e3o, de fraude, de compadrio.<\/p>\n\n\n\n<p>Bem? Logo se ver\u00e1\u2026 cria-se uma plataforma, um registo que ningu\u00e9m entende, um prazo de regulamenta\u00e7\u00e3o (de 6 a 24 meses) e transforma-se a Assembleia da Rep\u00fablica numa reparti\u00e7\u00e3o.<\/p>\n\n\n\n<p>E depois? Depois n\u00e3o funcionar\u00e1.<\/p>\n\n\n\n<p>\u00c9 imposs\u00edvel, parece, a quem faz uma leitura distante por enquanto.<\/p>\n\n\n\n<p>S\u00e3o, veja-se, para este efeito, consideradas entidades p\u00fablicas:<\/p>\n\n\n\n<p>Artigo 3\u00ba, h) Os \u00f3rg\u00e3os e os servi\u00e7os da administra\u00e7\u00e3o aut\u00f3noma, da administra\u00e7\u00e3o regional e <strong>da administra\u00e7\u00e3o local<\/strong>, incluindo os respetivos gabinetes e as entidades intermunicipais.<\/p>\n\n\n\n<p>Se se estiver a ler bem, engloba, por junto, tamb\u00e9m<strong> Assembleias Municipais<\/strong>.<\/p>\n\n\n\n<p>E h\u00e1, mero pormenor, ou n\u00e3o, uma CRP que respaldar\u00e1, ou n\u00e3o, esta intrus\u00e3o na autonomia do poder local (n\u00e3o se poderia utilizar, como relativamente a outras mat\u00e9rias, o Tribunal Constitucional?).<\/p>\n\n\n\n<p>Mas mais, ou, no caso, menos:<\/p>\n\n\n\n<p>H\u00e1 meios para cumprir estas obriga\u00e7\u00f5es? Queremos acreditar que as assembleias municipais (as 308, n\u00e3o s\u00f3 Lisboa ou as 10 dos maiores munic\u00edpios) ter\u00e3o meios para estas exig\u00eancias ou aquilo que se ver\u00e1 \u00e9 um pedido de exclus\u00e3o para depois os do costume, com raz\u00e3o, virem dizer- <em>est\u00e3o a ver, sempre a n\u00e3o quererem cumprir a lei<\/em>. Mas isto \u00e9 novo?<\/p>\n\n\n\n<p>N\u00e3o, temos o exemplo da declara\u00e7\u00e3o de interesses (ainda nos lembramos? Portaria n.\u00ba 185\/2024\/1, de 14 de agosto) \u2026 Ainda suspensa.<\/p>\n\n\n\n<p>Isto tudo porque alguns s\u00f3 conseguem ver o L\u00f3bi Mau!<\/p>\n\n\n\n<p>Mas h\u00e1 outro?<\/p>\n\n\n\n<p>H\u00e1, o verdadeiro, h\u00e1 o Lobi Bom, como sempre houve, desde que os soberanos ouviam os s\u00fabditos, que protege sempre o interesse p\u00fablico, que est\u00e1 hoje na Constitui\u00e7\u00e3o, que est\u00e1 hoje no C\u00f3digo do Procedimento Administrativo e que acredita que \u00e9 poss\u00edvel sempre fazer mais e melhor pugnando pelo interesse comum mesmo nascendo de um interesse inicial parcial.<\/p>\n","protected":false},"excerpt":{"rendered":"<p>Manuel Ferreira Ramos, Jornal SOL H\u00e1, o verdadeiro, h\u00e1 o Lobi Bom, como sempre houve, desde que os soberanos ouviam os s\u00fabditos, que protege sempre o interesse p\u00fablico<\/p>\n","protected":false},"author":1,"featured_media":0,"comment_status":"closed","ping_status":"closed","sticky":false,"template":"","format":"standard","meta":{"_bbp_topic_count":0,"_bbp_reply_count":0,"_bbp_total_topic_count":0,"_bbp_total_reply_count":0,"_bbp_voice_count":0,"_bbp_anonymous_reply_count":0,"_bbp_topic_count_hidden":0,"_bbp_reply_count_hidden":0,"_bbp_forum_subforum_count":0,"_exactmetrics_skip_tracking":false,"_exactmetrics_sitenote_active":false,"_exactmetrics_sitenote_note":"","_exactmetrics_sitenote_category":0,"footnotes":""},"categories":[72,303],"tags":[],"class_list":["post-49564","post","type-post","status-publish","format-standard","hentry","category-cronicas","category-sol"],"_links":{"self":[{"href":"https:\/\/obegef.pt\/wordpress\/index.php?rest_route=\/wp\/v2\/posts\/49564","targetHints":{"allow":["GET"]}}],"collection":[{"href":"https:\/\/obegef.pt\/wordpress\/index.php?rest_route=\/wp\/v2\/posts"}],"about":[{"href":"https:\/\/obegef.pt\/wordpress\/index.php?rest_route=\/wp\/v2\/types\/post"}],"author":[{"embeddable":true,"href":"https:\/\/obegef.pt\/wordpress\/index.php?rest_route=\/wp\/v2\/users\/1"}],"replies":[{"embeddable":true,"href":"https:\/\/obegef.pt\/wordpress\/index.php?rest_route=%2Fwp%2Fv2%2Fcomments&post=49564"}],"version-history":[{"count":1,"href":"https:\/\/obegef.pt\/wordpress\/index.php?rest_route=\/wp\/v2\/posts\/49564\/revisions"}],"predecessor-version":[{"id":49565,"href":"https:\/\/obegef.pt\/wordpress\/index.php?rest_route=\/wp\/v2\/posts\/49564\/revisions\/49565"}],"wp:attachment":[{"href":"https:\/\/obegef.pt\/wordpress\/index.php?rest_route=%2Fwp%2Fv2%2Fmedia&parent=49564"}],"wp:term":[{"taxonomy":"category","embeddable":true,"href":"https:\/\/obegef.pt\/wordpress\/index.php?rest_route=%2Fwp%2Fv2%2Fcategories&post=49564"},{"taxonomy":"post_tag","embeddable":true,"href":"https:\/\/obegef.pt\/wordpress\/index.php?rest_route=%2Fwp%2Fv2%2Ftags&post=49564"}],"curies":[{"name":"wp","href":"https:\/\/api.w.org\/{rel}","templated":true}]}}