{"id":49487,"date":"2026-01-01T09:00:00","date_gmt":"2026-01-01T09:00:00","guid":{"rendered":"https:\/\/obegef.pt\/wordpress\/?p=49487"},"modified":"2026-01-04T15:28:52","modified_gmt":"2026-01-04T15:28:52","slug":"ai-que-eu-caio-segurem-me-que-eu-caio-2-2-3-2-2-2-2-2-2-2-2-2-2-2-2-2-2-2-2-2-2-2-2-2-2-2-2-2-2-2-2-2-2-2-3-2-2-2-2-2-2-2-2-2-2-2-7-2-2-2-3-2-4-3-2-31-9-2-2-2-2-2-2-2-2-2-2-2-2-2-2-2-2-2-2-2-2-3-2-132","status":"publish","type":"post","link":"https:\/\/obegef.pt\/wordpress\/?p=49487","title":{"rendered":"O sal\u00e1rio do CEO e os limites do direito"},"content":{"rendered":"\n<p><span><span style=\"font-weight: bold; color: rgb(216, 7, 15);\">Miguel Viegas, <span style=\"color: #ff0000;\"><span style=\"color: #005500;\"><span style=\"color: #ff0000;\">OBEGEF<\/span><\/span><\/span><\/span><\/span><\/p>\n\n\n<div class=\"wp-block-image\">\n<figure class=\"alignleft is-resized\"><a href=\"https:\/\/obegef.pt\/wordpress\/wp-content\/uploads\/2025\/12\/facebook135.pdf\" target=\"_blank\" rel=\" noreferrer noopener\"><img loading=\"lazy\" decoding=\"async\" width=\"16\" height=\"16\" src=\"http:\/\/obegef.pt\/wordpress\/wp-content\/uploads\/2013\/05\/pdf_button.png\" alt=\"\" class=\"wp-image-2032\" style=\"width:26px;height:auto\" title=\"Ficheiro PDF\"\/><\/a><\/figure><\/div>\n\n\n<p><\/p>\n\n\n<div class=\"wp-block-image\">\n<figure class=\"alignleft is-resized\"><a href=\"https:\/\/www.facebook.com\/photo\/?fbid=1191190679874027&amp;set=pb.100069493190653.-2207520000\" target=\"_blank\" rel=\" noreferrer noopener\"><img loading=\"lazy\" decoding=\"async\" width=\"16\" height=\"16\" src=\"http:\/\/obegef.pt\/wordpress\/wp-content\/uploads\/2009\/01\/go2.png\" alt=\"\" class=\"wp-image-19\" style=\"width:20px;height:auto\" title=\"Liga\u00e7\u00e3o \u00e0 Publica\u00e7\u00e3o\"\/><\/a><\/figure><\/div>\n\n\n<p><em>Quando a remunera\u00e7\u00e3o dos CEOs deixa de ter limites claros, a governa\u00e7\u00e3o corporativa transforma-se num fator de legitima\u00e7\u00e3o da desigualdade. O caso Elon Musk \u00e9 um alerta que tamb\u00e9m interpela Portugal.<\/em><\/p>\n\n\n\n<!--more-->\n\n\n\n<p>O recente caso da remunera\u00e7\u00e3o de Elon Musk na Tesla tornou-se um s\u00edmbolo poderoso dos limites do direito e da governa\u00e7\u00e3o corporativa face \u00e0 concentra\u00e7\u00e3o extrema de riqueza e \u00e0s desigualdades salariais. Depois de, em 2024, um tribunal do Delaware ter anulado o maior pacote remunerat\u00f3rio alguma vez atribu\u00eddo a um CEO, invocando a falta de independ\u00eancia do conselho de administra\u00e7\u00e3o, a opacidade do processo e a despropor\u00e7\u00e3o evidente dos valores em causa, o Supremo Tribunal daquele Estado veio posteriormente restaurar o acordo. O efeito foi imediato: o patrim\u00f3nio l\u00edquido de Musk ultrapassou os 700 mil milh\u00f5es de d\u00f3lares, um valor sem precedentes hist\u00f3ricos, colocando o l\u00edder da Tesla no topo da hierarquia mundial da riqueza, a uma dist\u00e2ncia superior a 500 mil milh\u00f5es de d\u00f3lares do segundo mais rico, Larry Page, cofundador da Google.<\/p>\n\n\n\n<p>Este epis\u00f3dio ilustra um problema estrutural: mesmo quando existem mecanismos formais de controlo, o sistema jur\u00eddico e societ\u00e1rio revela-se incapaz de conter o poder econ\u00f3mico quando este se encontra concentrado num c\u00edrculo reduzido de indiv\u00edduos. A ideia de que a aprova\u00e7\u00e3o pelos acionistas legitima remunera\u00e7\u00f5es astron\u00f3micas ignora as profundas assimetrias de poder, informa\u00e7\u00e3o e influ\u00eancia que caracterizam muitas grandes empresas. O argumento do \u201calinhamento de incentivos\u201d, frequentemente invocado, acaba por normalizar desigualdades extremas como se fossem um subproduto inevit\u00e1vel do sucesso empresarial.<\/p>\n\n\n\n<p>Portugal est\u00e1 longe destes valores absolutos, mas n\u00e3o est\u00e1 imune ao fen\u00f3meno. Dados recentes mostram que, em 2023\/2024, a remunera\u00e7\u00e3o m\u00e9dia dos CEOs das principais empresas cotadas no PSI foi cerca de 32 vezes superior ao sal\u00e1rio m\u00e9dio dos respetivos trabalhadores. Em casos mais extremos, como o da Jer\u00f3nimo Martins, a disparidade atingiu cerca de 260 vezes, enquanto grupos como a Sonae apresentaram r\u00e1cios pr\u00f3ximos de 74 vezes. Estes n\u00fameros revelam um padr\u00e3o persistente de profundo desequil\u00edbrio na distribui\u00e7\u00e3o do rendimento dentro das empresas, com impactos claros na coes\u00e3o social e na legitimidade econ\u00f3mica.<\/p>\n\n\n\n<p>Ao contr\u00e1rio dos Estados Unidos, a Uni\u00e3o Europeia introduziu alguns trav\u00f5es indiretos, sobretudo no setor financeiro, limitando a remunera\u00e7\u00e3o vari\u00e1vel e refor\u00e7ando regras de transpar\u00eancia. Ainda assim, nem a UE nem Portugal disp\u00f5em de limites gerais \u00e0s remunera\u00e7\u00f5es dos CEOs no setor privado. O controlo continua excessivamente dependente da autorregula\u00e7\u00e3o e do voto acionista, num contexto em que ambos se t\u00eam revelado insuficientes.<\/p>\n\n\n\n<p>Talvez seja tempo de ir mais longe. Uma pol\u00edtica s\u00e9ria de combate \u00e0 desigualdade deveria incluir limites expl\u00edcitos \u00e0 disparidade salarial dentro das empresas, por exemplo atrav\u00e9s de r\u00e1cios m\u00e1ximos entre a remunera\u00e7\u00e3o do CEO e o sal\u00e1rio m\u00e9dio. Em alternativa, poderiam aplicar-se penaliza\u00e7\u00f5es fiscais progressivas a remunera\u00e7\u00f5es excessivas ou condicionar apoios p\u00fablicos e benef\u00edcios fiscais ao cumprimento de crit\u00e9rios m\u00ednimos de justi\u00e7a salarial.<\/p>\n\n\n\n<p>O caso Musk n\u00e3o \u00e9 uma excentricidade distante. \u00c9 um alerta claro: sem limites claros, o mercado e o direito tendem a legitimar desigualdades que colocam em causa a pr\u00f3pria ideia de justi\u00e7a econ\u00f3mica. A quest\u00e3o j\u00e1 n\u00e3o \u00e9 se este debate \u00e9 necess\u00e1rio, mas porque continua a ser sistematicamente adiado.<\/p>\n","protected":false},"excerpt":{"rendered":"<p>Miguel Viegas, OBEGEF Quando a remunera\u00e7\u00e3o dos CEOs deixa de ter limites claros, a governa\u00e7\u00e3o corporativa transforma-se num fator de legitima\u00e7\u00e3o da desigualdade. O caso Elon Musk \u00e9 um alerta que tamb\u00e9m interpela Portugal.<\/p>\n","protected":false},"author":1,"featured_media":0,"comment_status":"closed","ping_status":"closed","sticky":false,"template":"","format":"standard","meta":{"_bbp_topic_count":0,"_bbp_reply_count":0,"_bbp_total_topic_count":0,"_bbp_total_reply_count":0,"_bbp_voice_count":0,"_bbp_anonymous_reply_count":0,"_bbp_topic_count_hidden":0,"_bbp_reply_count_hidden":0,"_bbp_forum_subforum_count":0,"_exactmetrics_skip_tracking":false,"_exactmetrics_sitenote_active":false,"_exactmetrics_sitenote_note":"","_exactmetrics_sitenote_category":0,"footnotes":""},"categories":[72,284],"tags":[],"class_list":["post-49487","post","type-post","status-publish","format-standard","hentry","category-cronicas","category-obegef-facebook"],"_links":{"self":[{"href":"https:\/\/obegef.pt\/wordpress\/index.php?rest_route=\/wp\/v2\/posts\/49487","targetHints":{"allow":["GET"]}}],"collection":[{"href":"https:\/\/obegef.pt\/wordpress\/index.php?rest_route=\/wp\/v2\/posts"}],"about":[{"href":"https:\/\/obegef.pt\/wordpress\/index.php?rest_route=\/wp\/v2\/types\/post"}],"author":[{"embeddable":true,"href":"https:\/\/obegef.pt\/wordpress\/index.php?rest_route=\/wp\/v2\/users\/1"}],"replies":[{"embeddable":true,"href":"https:\/\/obegef.pt\/wordpress\/index.php?rest_route=%2Fwp%2Fv2%2Fcomments&post=49487"}],"version-history":[{"count":2,"href":"https:\/\/obegef.pt\/wordpress\/index.php?rest_route=\/wp\/v2\/posts\/49487\/revisions"}],"predecessor-version":[{"id":49496,"href":"https:\/\/obegef.pt\/wordpress\/index.php?rest_route=\/wp\/v2\/posts\/49487\/revisions\/49496"}],"wp:attachment":[{"href":"https:\/\/obegef.pt\/wordpress\/index.php?rest_route=%2Fwp%2Fv2%2Fmedia&parent=49487"}],"wp:term":[{"taxonomy":"category","embeddable":true,"href":"https:\/\/obegef.pt\/wordpress\/index.php?rest_route=%2Fwp%2Fv2%2Fcategories&post=49487"},{"taxonomy":"post_tag","embeddable":true,"href":"https:\/\/obegef.pt\/wordpress\/index.php?rest_route=%2Fwp%2Fv2%2Ftags&post=49487"}],"curies":[{"name":"wp","href":"https:\/\/api.w.org\/{rel}","templated":true}]}}