{"id":49004,"date":"2025-03-14T15:21:59","date_gmt":"2025-03-14T15:21:59","guid":{"rendered":"https:\/\/obegef.pt\/wordpress\/?p=49004"},"modified":"2025-03-19T17:19:47","modified_gmt":"2025-03-19T17:19:47","slug":"a-anormalidade-da-fraude-3-2-2-2-2-2-2-2-2-2-2-2-2-2-2-2-2-2-3-2-2-2-2-2-3-2-2-3-2-2-2-2-2-2-2-2-2-2-2-2-2-2-2-2-2-2-2-2-2-2-2-2-2-2-3-2-2-2-2-2-3-2-2-2-2-2-2-2-2-2-2-2-2-2-2-3-2-2-2-4-2-2-2-2-2-2-323","status":"publish","type":"post","link":"https:\/\/obegef.pt\/wordpress\/?p=49004","title":{"rendered":"O futuro dos seguros autom\u00f3veis quando a condu\u00e7\u00e3o for sem condutores"},"content":{"rendered":"\n<p class=\"has-text-align-left\"><strong><span style=\"color: #ff0000;\"><span style=\"color: #005500;\"><span style=\"color: #ff0000;\">L\u00facio Pereira da Silva,<\/span><\/span><span style=\"color: #005500;\"><span style=\"color: #ff0000;\"> Seman\u00e1rio Vida Econ\u00f3mica<\/span><\/span><\/span><\/strong><\/p>\n\n\n\n<p><em>Texto publicado no suplemento SEGUROS do Seman\u00e1rio Vida Econ\u00f3mica<\/em><\/p>\n\n\n\n<p><em>O futuro dos seguros autom\u00f3veis ser\u00e1 inevitavelmente adaptado pela evolu\u00e7\u00e3o dos ve\u00edculos aut\u00f3nomos. A aus\u00eancia de condutores humanos elimina muitos dos riscos tradicionais, mas tamb\u00e9m introduz desafios in\u00e9ditos e desconhecidos que exigem uma restrutura\u00e7\u00e3o do setor.<\/em><\/p>\n\n\n\n<!--more-->\n\n\n\n<figure class=\"wp-block-image size-full\"><a href=\"https:\/\/obegef.pt\/wordpress\/wp-content\/uploads\/2025\/03\/VE.jpg\"><img loading=\"lazy\" decoding=\"async\" width=\"1016\" height=\"866\" src=\"https:\/\/obegef.pt\/wordpress\/wp-content\/uploads\/2025\/03\/VE.jpg\" alt=\"\" class=\"wp-image-49005\" srcset=\"https:\/\/obegef.pt\/wordpress\/wp-content\/uploads\/2025\/03\/VE.jpg 1016w, https:\/\/obegef.pt\/wordpress\/wp-content\/uploads\/2025\/03\/VE-300x256.jpg 300w, https:\/\/obegef.pt\/wordpress\/wp-content\/uploads\/2025\/03\/VE-768x655.jpg 768w\" sizes=\"auto, (max-width: 1016px) 100vw, 1016px\" \/><\/a><\/figure>\n","protected":false},"excerpt":{"rendered":"<p>L\u00facio Pereira da Silva, Seman\u00e1rio Vida Econ\u00f3mica Texto publicado no suplemento SEGUROS do Seman\u00e1rio Vida Econ\u00f3mica O futuro dos seguros autom\u00f3veis ser\u00e1 inevitavelmente adaptado pela evolu\u00e7\u00e3o dos ve\u00edculos aut\u00f3nomos. A aus\u00eancia de condutores humanos elimina muitos dos riscos tradicionais, mas tamb\u00e9m introduz desafios in\u00e9ditos e desconhecidos que exigem uma restrutura\u00e7\u00e3o do setor.<\/p>\n","protected":false},"author":1,"featured_media":0,"comment_status":"closed","ping_status":"closed","sticky":false,"template":"","format":"standard","meta":{"_bbp_topic_count":0,"_bbp_reply_count":0,"_bbp_total_topic_count":0,"_bbp_total_reply_count":0,"_bbp_voice_count":0,"_bbp_anonymous_reply_count":0,"_bbp_topic_count_hidden":0,"_bbp_reply_count_hidden":0,"_bbp_forum_subforum_count":0,"_exactmetrics_skip_tracking":false,"_exactmetrics_sitenote_active":false,"_exactmetrics_sitenote_note":"","_exactmetrics_sitenote_category":0,"footnotes":""},"categories":[72,128],"tags":[],"class_list":["post-49004","post","type-post","status-publish","format-standard","hentry","category-cronicas","category-vida-economica"],"_links":{"self":[{"href":"https:\/\/obegef.pt\/wordpress\/index.php?rest_route=\/wp\/v2\/posts\/49004","targetHints":{"allow":["GET"]}}],"collection":[{"href":"https:\/\/obegef.pt\/wordpress\/index.php?rest_route=\/wp\/v2\/posts"}],"about":[{"href":"https:\/\/obegef.pt\/wordpress\/index.php?rest_route=\/wp\/v2\/types\/post"}],"author":[{"embeddable":true,"href":"https:\/\/obegef.pt\/wordpress\/index.php?rest_route=\/wp\/v2\/users\/1"}],"replies":[{"embeddable":true,"href":"https:\/\/obegef.pt\/wordpress\/index.php?rest_route=%2Fwp%2Fv2%2Fcomments&post=49004"}],"version-history":[{"count":2,"href":"https:\/\/obegef.pt\/wordpress\/index.php?rest_route=\/wp\/v2\/posts\/49004\/revisions"}],"predecessor-version":[{"id":49017,"href":"https:\/\/obegef.pt\/wordpress\/index.php?rest_route=\/wp\/v2\/posts\/49004\/revisions\/49017"}],"wp:attachment":[{"href":"https:\/\/obegef.pt\/wordpress\/index.php?rest_route=%2Fwp%2Fv2%2Fmedia&parent=49004"}],"wp:term":[{"taxonomy":"category","embeddable":true,"href":"https:\/\/obegef.pt\/wordpress\/index.php?rest_route=%2Fwp%2Fv2%2Fcategories&post=49004"},{"taxonomy":"post_tag","embeddable":true,"href":"https:\/\/obegef.pt\/wordpress\/index.php?rest_route=%2Fwp%2Fv2%2Ftags&post=49004"}],"curies":[{"name":"wp","href":"https:\/\/api.w.org\/{rel}","templated":true}]}}