{"id":48915,"date":"2025-01-24T16:35:00","date_gmt":"2025-01-24T16:35:00","guid":{"rendered":"https:\/\/obegef.pt\/wordpress\/?p=48915"},"modified":"2025-01-25T16:46:32","modified_gmt":"2025-01-25T16:46:32","slug":"paradigmas-formacao-e-fraude-3-3-3-2-2-3-2-2-2-3-2-2-2-2-2-2-2-3-4-2-3-3-2-2-2-2-2-3-2-2-2-3","status":"publish","type":"post","link":"https:\/\/obegef.pt\/wordpress\/?p=48915","title":{"rendered":"Fraude e Corrup\u00e7\u00e3o na Administra\u00e7\u00e3o P\u00fablica"},"content":{"rendered":"<p><span style=\"color: #d8070f;\"><strong>Ant\u00f3nio Maia e Rute Serra<\/strong><\/span><\/p>\n<p class=\"mb-3\">No dia 23 de janeiro foi apresentado publicamente o mais recente trabalho editorial do OBEGEF, o livro Fraude e Corrup\u00e7\u00e3o na Administra\u00e7\u00e3o P\u00fablica (<a href=\"https:\/\/www.almedina.net\/fraude-e-corrupcao-na-administracao-publica-em-50-anos-de-democracia-1734750146.html\">Fraude e Corrup\u00e7\u00e3o na Administra\u00e7\u00e3o P\u00fablica - Em 50 Anos de Democracia<\/a>), coordenado por Ant\u00f3nio Jo\u00e3o Maia e Rute Serra.<\/p>\n<p><!--more--><\/p>\n\n\n<p>A obra, que foi apresentada pelo Vice-presidente do MENAC, Dr. Ol\u00edvio Mota Amador, trata-se de um relevante trabalho realizado no \u00e2mbito da sociedade&nbsp;civil de reflex\u00e3o e an\u00e1lise cr\u00edtica sobre a evolu\u00e7\u00e3o da problem\u00e1tica da fraude e da corrup\u00e7\u00e3o e das solu\u00e7\u00f5es que t\u00eam sido adotadas ao longo das cinco d\u00e9cadas de democracia em Portugal, em \u00e1reas-chave da Administra\u00e7\u00e3o P\u00fablica. Os diversos artigos que integram o livro, de autoria de especialistas nas correspondentes \u00e1reas, abordam a evolu\u00e7\u00e3o da problem\u00e1tica nas \u00e1reas das Autarquias Locais, Banca, Cultura, Desporto, Educa\u00e7\u00e3o, Pol\u00edcia, Sa\u00fade e Seguran\u00e7a Social, para l\u00e1 da abordagem transversal sobre a evolu\u00e7\u00e3o&nbsp;das estruturas de controlo e do quadro normativo.&nbsp;<\/p>\n\n\n\n<p>O OBEGEF e os coordenadores deste projeto agradecem aos autores dos diversos artigos o empenho e trabalho que realizaram nas \u00e1reas em que s\u00e3o especialistas, nomeadamente a Patrick de Pitta Sim\u00f5es e Vitor Miguel Louren\u00e7o, Nuno Sampayo Ribeiro, Lu\u00eds Silveira Botelho, Jo\u00e3o Paulo Almeida, Margarida Flores, Andr\u00e9 In\u00e1cio, Gon\u00e7alo da Cunha Pires e Sandra Castelo Branco Santos Jorge, bem como ao Lu\u00eds Rosa, que prefaciou a obra, e ao Dr. Ol\u00edvio Mota Amador, que a apresentou publicamente.<\/p>\n\n\n\n<figure class=\"wp-block-image size-large\"><a href=\"https:\/\/obegef.pt\/wordpress\/wp-content\/uploads\/2025\/01\/Foto-1-1-scaled.jpg\"><img loading=\"lazy\" decoding=\"async\" width=\"1024\" height=\"578\" src=\"https:\/\/obegef.pt\/wordpress\/wp-content\/uploads\/2025\/01\/Foto-1-1-1024x578.jpg\" alt=\"\" class=\"wp-image-48917\" srcset=\"https:\/\/obegef.pt\/wordpress\/wp-content\/uploads\/2025\/01\/Foto-1-1-1024x578.jpg 1024w, https:\/\/obegef.pt\/wordpress\/wp-content\/uploads\/2025\/01\/Foto-1-1-300x169.jpg 300w, https:\/\/obegef.pt\/wordpress\/wp-content\/uploads\/2025\/01\/Foto-1-1-768x433.jpg 768w, https:\/\/obegef.pt\/wordpress\/wp-content\/uploads\/2025\/01\/Foto-1-1-1536x866.jpg 1536w, https:\/\/obegef.pt\/wordpress\/wp-content\/uploads\/2025\/01\/Foto-1-1-2048x1155.jpg 2048w, https:\/\/obegef.pt\/wordpress\/wp-content\/uploads\/2025\/01\/Foto-1-1-1170x660.jpg 1170w, https:\/\/obegef.pt\/wordpress\/wp-content\/uploads\/2025\/01\/Foto-1-1-1320x744.jpg 1320w\" sizes=\"auto, (max-width: 1024px) 100vw, 1024px\" \/><\/a><\/figure>\n\n\n\n<figure class=\"wp-block-image size-large\"><a href=\"https:\/\/obegef.pt\/wordpress\/wp-content\/uploads\/2025\/01\/Foto-2-scaled.jpg\"><img loading=\"lazy\" decoding=\"async\" width=\"1024\" height=\"576\" src=\"https:\/\/obegef.pt\/wordpress\/wp-content\/uploads\/2025\/01\/Foto-2-1024x576.jpg\" alt=\"\" class=\"wp-image-48918\" srcset=\"https:\/\/obegef.pt\/wordpress\/wp-content\/uploads\/2025\/01\/Foto-2-1024x576.jpg 1024w, https:\/\/obegef.pt\/wordpress\/wp-content\/uploads\/2025\/01\/Foto-2-300x169.jpg 300w, https:\/\/obegef.pt\/wordpress\/wp-content\/uploads\/2025\/01\/Foto-2-768x432.jpg 768w, https:\/\/obegef.pt\/wordpress\/wp-content\/uploads\/2025\/01\/Foto-2-1536x864.jpg 1536w, https:\/\/obegef.pt\/wordpress\/wp-content\/uploads\/2025\/01\/Foto-2-2048x1152.jpg 2048w, https:\/\/obegef.pt\/wordpress\/wp-content\/uploads\/2025\/01\/Foto-2-1170x658.jpg 1170w, https:\/\/obegef.pt\/wordpress\/wp-content\/uploads\/2025\/01\/Foto-2-1320x742.jpg 1320w\" sizes=\"auto, (max-width: 1024px) 100vw, 1024px\" \/><\/a><\/figure>\n","protected":false},"excerpt":{"rendered":"<p>Ant\u00f3nio Maia e Rute Serra No dia 23 de janeiro foi apresentado publicamente o mais recente trabalho editorial do OBEGEF, o livro Fraude e Corrup\u00e7\u00e3o na Administra\u00e7\u00e3o P\u00fablica (Fraude e Corrup\u00e7\u00e3o na Administra\u00e7\u00e3o P\u00fablica &#8211; Em 50 Anos de Democracia), coordenado por Ant\u00f3nio Jo\u00e3o Maia e Rute Serra.<\/p>\n","protected":false},"author":1,"featured_media":0,"comment_status":"closed","ping_status":"closed","sticky":false,"template":"","format":"standard","meta":{"_bbp_topic_count":0,"_bbp_reply_count":0,"_bbp_total_topic_count":0,"_bbp_total_reply_count":0,"_bbp_voice_count":0,"_bbp_anonymous_reply_count":0,"_bbp_topic_count_hidden":0,"_bbp_reply_count_hidden":0,"_bbp_forum_subforum_count":0,"_exactmetrics_skip_tracking":false,"_exactmetrics_sitenote_active":false,"_exactmetrics_sitenote_note":"","_exactmetrics_sitenote_category":0,"footnotes":""},"categories":[42],"tags":[],"class_list":["post-48915","post","type-post","status-publish","format-standard","hentry","category-intervencoes_publicas"],"_links":{"self":[{"href":"https:\/\/obegef.pt\/wordpress\/index.php?rest_route=\/wp\/v2\/posts\/48915","targetHints":{"allow":["GET"]}}],"collection":[{"href":"https:\/\/obegef.pt\/wordpress\/index.php?rest_route=\/wp\/v2\/posts"}],"about":[{"href":"https:\/\/obegef.pt\/wordpress\/index.php?rest_route=\/wp\/v2\/types\/post"}],"author":[{"embeddable":true,"href":"https:\/\/obegef.pt\/wordpress\/index.php?rest_route=\/wp\/v2\/users\/1"}],"replies":[{"embeddable":true,"href":"https:\/\/obegef.pt\/wordpress\/index.php?rest_route=%2Fwp%2Fv2%2Fcomments&post=48915"}],"version-history":[{"count":2,"href":"https:\/\/obegef.pt\/wordpress\/index.php?rest_route=\/wp\/v2\/posts\/48915\/revisions"}],"predecessor-version":[{"id":48920,"href":"https:\/\/obegef.pt\/wordpress\/index.php?rest_route=\/wp\/v2\/posts\/48915\/revisions\/48920"}],"wp:attachment":[{"href":"https:\/\/obegef.pt\/wordpress\/index.php?rest_route=%2Fwp%2Fv2%2Fmedia&parent=48915"}],"wp:term":[{"taxonomy":"category","embeddable":true,"href":"https:\/\/obegef.pt\/wordpress\/index.php?rest_route=%2Fwp%2Fv2%2Fcategories&post=48915"},{"taxonomy":"post_tag","embeddable":true,"href":"https:\/\/obegef.pt\/wordpress\/index.php?rest_route=%2Fwp%2Fv2%2Ftags&post=48915"}],"curies":[{"name":"wp","href":"https:\/\/api.w.org\/{rel}","templated":true}]}}