{"id":48765,"date":"2024-12-04T14:02:42","date_gmt":"2024-12-04T14:02:42","guid":{"rendered":"https:\/\/obegef.pt\/wordpress\/?p=48765"},"modified":"2024-12-04T14:04:36","modified_gmt":"2024-12-04T14:04:36","slug":"paradigmas-formacao-e-fraude-3-3-3-2-2-3-2-2-2-3-2-2-2-2-2-2-2-3-4-2-3-3-2-2-2-2-2-3-2","status":"publish","type":"post","link":"https:\/\/obegef.pt\/wordpress\/?p=48765","title":{"rendered":"Confer\u00eancia: O Programa de Cumprimento Normativo e o Papel do Minist\u00e9rio P\u00fablico"},"content":{"rendered":"<p><span style=\"color: #d8070f;\"><strong>Ant\u00f3nio Maia\u00a0<\/strong><\/span><\/p>\n<p class=\"mb-3\"><em>A Reitoria da Universidade do Porto organizou no passado dia 27 de novembro uma confer\u00eancia sobre a tem\u00e1tica do Programa do Cumprimento Normativo. O Presidente do OBEGEF, <strong>Ant\u00f3nio Maia<\/strong>, foi orador convidado, tendo abordado o tema \"<strong>Cuidados e riscos na ado\u00e7\u00e3o e dinamiza\u00e7\u00e3o do RGPC pelas organiza\u00e7\u00f5es<\/strong>\".<\/em><\/p>\n<p><!--more--><\/p>\n\n\n<p>O evento est\u00e1 integralmente dispon\u00edvel em\u00a0\u00a0<strong><a href=\"https:\/\/www.youtube.com\/live\/AXychy2Z71I\" target=\"_blank\" rel=\"noreferrer noopener\">Confer\u00eancia: O Programa de Cumprimento Normativo e o Papel do Minist\u00e9rio P\u00fablico - YouTube<\/a>.<\/strong><\/p>\n\n\n<div class=\"wp-block-image\">\n<figure class=\"aligncenter size-full\"><a href=\"https:\/\/obegef.pt\/wordpress\/wp-content\/uploads\/2024\/12\/2.jpg\"><img loading=\"lazy\" decoding=\"async\" width=\"567\" height=\"786\" src=\"https:\/\/obegef.pt\/wordpress\/wp-content\/uploads\/2024\/12\/2.jpg\" alt=\"\" class=\"wp-image-48767\" srcset=\"https:\/\/obegef.pt\/wordpress\/wp-content\/uploads\/2024\/12\/2.jpg 567w, https:\/\/obegef.pt\/wordpress\/wp-content\/uploads\/2024\/12\/2-216x300.jpg 216w\" sizes=\"auto, (max-width: 567px) 100vw, 567px\" \/><\/a><\/figure><\/div>","protected":false},"excerpt":{"rendered":"<p>Ant\u00f3nio Maia\u00a0 A Reitoria da Universidade do Porto organizou no passado dia 27 de novembro uma confer\u00eancia sobre a tem\u00e1tica do Programa do Cumprimento Normativo. O Presidente do OBEGEF, Ant\u00f3nio Maia, foi orador convidado, tendo abordado o tema &#8220;Cuidados e riscos na ado\u00e7\u00e3o e dinamiza\u00e7\u00e3o do RGPC pelas organiza\u00e7\u00f5es&#8221;.<\/p>\n","protected":false},"author":1,"featured_media":0,"comment_status":"closed","ping_status":"closed","sticky":false,"template":"","format":"standard","meta":{"_bbp_topic_count":0,"_bbp_reply_count":0,"_bbp_total_topic_count":0,"_bbp_total_reply_count":0,"_bbp_voice_count":0,"_bbp_anonymous_reply_count":0,"_bbp_topic_count_hidden":0,"_bbp_reply_count_hidden":0,"_bbp_forum_subforum_count":0,"_exactmetrics_skip_tracking":false,"_exactmetrics_sitenote_active":false,"_exactmetrics_sitenote_note":"","_exactmetrics_sitenote_category":0,"footnotes":""},"categories":[42],"tags":[],"class_list":["post-48765","post","type-post","status-publish","format-standard","hentry","category-intervencoes_publicas"],"_links":{"self":[{"href":"https:\/\/obegef.pt\/wordpress\/index.php?rest_route=\/wp\/v2\/posts\/48765","targetHints":{"allow":["GET"]}}],"collection":[{"href":"https:\/\/obegef.pt\/wordpress\/index.php?rest_route=\/wp\/v2\/posts"}],"about":[{"href":"https:\/\/obegef.pt\/wordpress\/index.php?rest_route=\/wp\/v2\/types\/post"}],"author":[{"embeddable":true,"href":"https:\/\/obegef.pt\/wordpress\/index.php?rest_route=\/wp\/v2\/users\/1"}],"replies":[{"embeddable":true,"href":"https:\/\/obegef.pt\/wordpress\/index.php?rest_route=%2Fwp%2Fv2%2Fcomments&post=48765"}],"version-history":[{"count":1,"href":"https:\/\/obegef.pt\/wordpress\/index.php?rest_route=\/wp\/v2\/posts\/48765\/revisions"}],"predecessor-version":[{"id":48768,"href":"https:\/\/obegef.pt\/wordpress\/index.php?rest_route=\/wp\/v2\/posts\/48765\/revisions\/48768"}],"wp:attachment":[{"href":"https:\/\/obegef.pt\/wordpress\/index.php?rest_route=%2Fwp%2Fv2%2Fmedia&parent=48765"}],"wp:term":[{"taxonomy":"category","embeddable":true,"href":"https:\/\/obegef.pt\/wordpress\/index.php?rest_route=%2Fwp%2Fv2%2Fcategories&post=48765"},{"taxonomy":"post_tag","embeddable":true,"href":"https:\/\/obegef.pt\/wordpress\/index.php?rest_route=%2Fwp%2Fv2%2Ftags&post=48765"}],"curies":[{"name":"wp","href":"https:\/\/api.w.org\/{rel}","templated":true}]}}