{"id":48745,"date":"2024-11-30T22:23:13","date_gmt":"2024-11-30T22:23:13","guid":{"rendered":"https:\/\/obegef.pt\/wordpress\/?p=48745"},"modified":"2024-12-04T13:46:12","modified_gmt":"2024-12-04T13:46:12","slug":"paradigmas-formacao-e-fraude-3-3-3-2-2-3-2-2-2-3-2-2-2-2-2-2-2-3-4-2-3-3-2-2-2-2-2-3","status":"publish","type":"post","link":"https:\/\/obegef.pt\/wordpress\/?p=48745","title":{"rendered":"Dia do OBEGEF 2024"},"content":{"rendered":"\n<p><\/p>\n\n\n<p><span style=\"color: #d8070f;\"><strong>Ant\u00f3nio Maia e Rute Serra<\/strong><\/span><\/p>\n<p class=\"mb-3\"><i>Comemorou-se no passado dia 21 de novembro o dia do OBEGEF. Foram apresentados os tr\u00eas trabalhos premiados na 1\u00aa edi\u00e7\u00e3o do PR\u00c9MIO PROEFESSOR CARLOS PIMENTA.<\/i><\/p>\n<p><!--more--><\/p>\n\n\n<h2 class=\"wp-block-heading\">Veja ao vivo!<\/h2>\n\n\n\n<figure class=\"wp-block-image size-large\"><a href=\"https:\/\/obegef.pt\/wordpress\/wp-content\/uploads\/2024\/12\/Dia-Do-Obegef-2024-720p.mp4\" target=\"_blank\" rel=\" noreferrer noopener\"><img loading=\"lazy\" decoding=\"async\" width=\"1024\" height=\"513\" src=\"https:\/\/obegef.pt\/wordpress\/wp-content\/uploads\/2024\/12\/Capa-1024x513.jpg\" alt=\"\" class=\"wp-image-48752\" srcset=\"https:\/\/obegef.pt\/wordpress\/wp-content\/uploads\/2024\/12\/Capa-1024x513.jpg 1024w, https:\/\/obegef.pt\/wordpress\/wp-content\/uploads\/2024\/12\/Capa-300x150.jpg 300w, https:\/\/obegef.pt\/wordpress\/wp-content\/uploads\/2024\/12\/Capa-768x384.jpg 768w, https:\/\/obegef.pt\/wordpress\/wp-content\/uploads\/2024\/12\/Capa-1536x769.jpg 1536w, https:\/\/obegef.pt\/wordpress\/wp-content\/uploads\/2024\/12\/Capa-1170x586.jpg 1170w, https:\/\/obegef.pt\/wordpress\/wp-content\/uploads\/2024\/12\/Capa-1320x661.jpg 1320w, https:\/\/obegef.pt\/wordpress\/wp-content\/uploads\/2024\/12\/Capa.jpg 1916w\" sizes=\"auto, (max-width: 1024px) 100vw, 1024px\" \/><\/a><\/figure>\n\n\n\n<p><\/p>\n\n\n\n<p><\/p>\n","protected":false},"excerpt":{"rendered":"<p>Ant\u00f3nio Maia e Rute Serra Comemorou-se no passado dia 21 de novembro o dia do OBEGEF. Foram apresentados os tr\u00eas trabalhos premiados na 1\u00aa edi\u00e7\u00e3o do PR\u00c9MIO PROEFESSOR CARLOS PIMENTA.<\/p>\n","protected":false},"author":1,"featured_media":0,"comment_status":"closed","ping_status":"closed","sticky":false,"template":"","format":"standard","meta":{"_bbp_topic_count":0,"_bbp_reply_count":0,"_bbp_total_topic_count":0,"_bbp_total_reply_count":0,"_bbp_voice_count":0,"_bbp_anonymous_reply_count":0,"_bbp_topic_count_hidden":0,"_bbp_reply_count_hidden":0,"_bbp_forum_subforum_count":0,"_exactmetrics_skip_tracking":false,"_exactmetrics_sitenote_active":false,"_exactmetrics_sitenote_note":"","_exactmetrics_sitenote_category":0,"footnotes":""},"categories":[42],"tags":[],"class_list":["post-48745","post","type-post","status-publish","format-standard","hentry","category-intervencoes_publicas"],"_links":{"self":[{"href":"https:\/\/obegef.pt\/wordpress\/index.php?rest_route=\/wp\/v2\/posts\/48745","targetHints":{"allow":["GET"]}}],"collection":[{"href":"https:\/\/obegef.pt\/wordpress\/index.php?rest_route=\/wp\/v2\/posts"}],"about":[{"href":"https:\/\/obegef.pt\/wordpress\/index.php?rest_route=\/wp\/v2\/types\/post"}],"author":[{"embeddable":true,"href":"https:\/\/obegef.pt\/wordpress\/index.php?rest_route=\/wp\/v2\/users\/1"}],"replies":[{"embeddable":true,"href":"https:\/\/obegef.pt\/wordpress\/index.php?rest_route=%2Fwp%2Fv2%2Fcomments&post=48745"}],"version-history":[{"count":3,"href":"https:\/\/obegef.pt\/wordpress\/index.php?rest_route=\/wp\/v2\/posts\/48745\/revisions"}],"predecessor-version":[{"id":48764,"href":"https:\/\/obegef.pt\/wordpress\/index.php?rest_route=\/wp\/v2\/posts\/48745\/revisions\/48764"}],"wp:attachment":[{"href":"https:\/\/obegef.pt\/wordpress\/index.php?rest_route=%2Fwp%2Fv2%2Fmedia&parent=48745"}],"wp:term":[{"taxonomy":"category","embeddable":true,"href":"https:\/\/obegef.pt\/wordpress\/index.php?rest_route=%2Fwp%2Fv2%2Fcategories&post=48745"},{"taxonomy":"post_tag","embeddable":true,"href":"https:\/\/obegef.pt\/wordpress\/index.php?rest_route=%2Fwp%2Fv2%2Ftags&post=48745"}],"curies":[{"name":"wp","href":"https:\/\/api.w.org\/{rel}","templated":true}]}}