{"id":48739,"date":"2025-03-17T18:25:00","date_gmt":"2025-03-17T18:25:00","guid":{"rendered":"https:\/\/obegef.pt\/wordpress\/?p=48739"},"modified":"2025-03-19T19:08:21","modified_gmt":"2025-03-19T19:08:21","slug":"direito-penal-economico-em-mudanca-2-2-2-2","status":"publish","type":"post","link":"https:\/\/obegef.pt\/wordpress\/?p=48739","title":{"rendered":"Pr\u00e9mio Professor Carlos Pimenta &#8211; 2\u00aa EDI\u00c7\u00c3O"},"content":{"rendered":"\n<p><em>O Professor Carlos Pimenta foi o grande impulsionador da cria\u00e7\u00e3o e dinamiza\u00e7\u00e3o do Observat\u00f3rio de Economia e Gest\u00e3o de Fraude (OBEGEF), projeto que se assumiu logo como entidade da sociedade civil com o prop\u00f3sito fundamental de contribuir para uma economia e uma sociedade mais integra e transparente, nomeadamente em rela\u00e7\u00e3o a fen\u00f3menos como a economia n\u00e3o registada, o branqueamento de capitais, a fraude e a corrup\u00e7\u00e3o.<\/em><\/p>\n\n\n\n<!--more-->\n\n\n\n<figure class=\"wp-block-image size-large\"><a href=\"https:\/\/obegef.pt\/wordpress\/wp-content\/uploads\/2024\/11\/CP.jpg\"><img loading=\"lazy\" decoding=\"async\" width=\"1024\" height=\"1024\" src=\"https:\/\/obegef.pt\/wordpress\/wp-content\/uploads\/2024\/11\/CP-1024x1024.jpg\" alt=\"\" class=\"wp-image-49013\" srcset=\"https:\/\/obegef.pt\/wordpress\/wp-content\/uploads\/2024\/11\/CP-1024x1024.jpg 1024w, https:\/\/obegef.pt\/wordpress\/wp-content\/uploads\/2024\/11\/CP-300x300.jpg 300w, https:\/\/obegef.pt\/wordpress\/wp-content\/uploads\/2024\/11\/CP-150x150.jpg 150w, https:\/\/obegef.pt\/wordpress\/wp-content\/uploads\/2024\/11\/CP-768x768.jpg 768w, https:\/\/obegef.pt\/wordpress\/wp-content\/uploads\/2024\/11\/CP.jpg 1080w\" sizes=\"auto, (max-width: 1024px) 100vw, 1024px\" \/><\/a><\/figure>\n\n\n\n<p>A preocupa\u00e7\u00e3o sobre estas tem\u00e1ticas foi uma constante do percurso de vida do cidad\u00e3o Carlos Pimenta, que esteve sempre na primeira linha do combate a todas as formas de aus\u00eancia de \u00e9tica e integridade, de injusti\u00e7as e de todas os modos de subjuga\u00e7\u00e3o dos interesses coletivos a interesses difusos e pouco claros.<\/p>\n\n\n\n<p>O OBEGEF e todos os membros que o integram consideram o Professor Carlos Pimenta um enorme exemplo de cidadania, uma refer\u00eancia maior no \u00e2mbito da a\u00e7\u00e3o da academia, seu universo profissional \u2013 que exerceu na Faculdade de Economia da Universidade do Porto (FEP) \u2013, por todo o legado civil, profissional e acad\u00e9mico que nos deixou, e que se traduziu sempre na procura de uma sociedade mais s\u00e3, justa e equilibrada.<\/p>\n\n\n\n<p>Considerando estes elementos, a Dire\u00e7\u00e3o do OBEGEF e os familiares do Professor Carlos Pimenta institu\u00edram em 2023 o <em>Pr\u00e9mio Professor Carlos Pimenta<\/em>, com o objetivo de promover a investiga\u00e7\u00e3o, o estudo, o conhecimento, nos dom\u00ednios <a>da \u00e9tica, integridade, transpar\u00eancia e preven\u00e7\u00e3o de todas as formas de fraude, corrup\u00e7\u00e3o, branqueamento e economia n\u00e3o registada<\/a>, atrav\u00e9s do reconhecimento do m\u00e9rito, da qualidade e potencial de utilidade relativamente a projetos de natureza acad\u00e9mica recentemente realizados, que versem sobre uma ou v\u00e1rias das referidas problem\u00e1ticas, ou que, no mesmo enquadramento, tenham sido dinamizados tamb\u00e9m recentemente por entidade ou institui\u00e7\u00e3o, incluindo no \u00e2mbito da denominada sociedade civil. Neste sentido, foi decidido lan\u00e7ar este ano <strong>a segunda edi\u00e7\u00e3o do <em>Pr\u00e9mio Professor Carlos Pimenta<\/em><\/strong>.<\/p>\n\n\n\n<p>A FEP associa-se a esta iniciativa na medida em que o Professor Carlos Pimenta foi um dos seus mais reputados Professores.<\/p>\n\n\n\n<p>O Pr\u00e9mio Professor Carlos Pimenta \u00e9 apoiado pelo Mecanismo Nacional Anticorrup\u00e7\u00e3o no \u00e2mbito de protocolo de coopera\u00e7\u00e3o institucional celebrado entre esta entidade e o OBEGEF.<\/p>\n\n\n\n<p>O Pr\u00e9mio Professor Carlos Pimenta \u00e9 atribu\u00eddo de acordo com o estabelecido no Regulamento anexo \u00e0 presente delibera\u00e7\u00e3o, da qual faz parte integrante.<\/p>\n\n\n\n<p>Porto, 17 de maio de 2025<\/p>\n\n\n\n<p>&nbsp;&nbsp;&nbsp;&nbsp;&nbsp;&nbsp;&nbsp;&nbsp;&nbsp;&nbsp; Pelo OBEGEF,&nbsp;&nbsp;&nbsp;&nbsp;&nbsp;&nbsp;&nbsp;&nbsp;&nbsp;&nbsp;&nbsp;&nbsp;&nbsp;&nbsp;&nbsp;&nbsp;&nbsp;&nbsp;&nbsp;&nbsp;&nbsp;&nbsp; &nbsp;&nbsp;&nbsp; &nbsp;&nbsp;&nbsp;&nbsp;&nbsp;&nbsp;&nbsp;&nbsp;&nbsp;&nbsp; &nbsp;&nbsp;&nbsp;&nbsp;&nbsp;&nbsp;&nbsp;&nbsp;&nbsp;&nbsp;&nbsp;&nbsp;&nbsp;&nbsp; Pela Fam\u00edlia do Professor Carlos Pimenta,<\/p>\n\n\n\n<p><em>&nbsp;&nbsp;&nbsp;&nbsp;&nbsp;&nbsp;&nbsp;&nbsp;&nbsp;&nbsp; Ant\u00f3nio Maia &nbsp;&nbsp;&nbsp;&nbsp;&nbsp;&nbsp;&nbsp;&nbsp;&nbsp;&nbsp;&nbsp;&nbsp;&nbsp;&nbsp;&nbsp;&nbsp;&nbsp;&nbsp;&nbsp;&nbsp;&nbsp;&nbsp;&nbsp;&nbsp;&nbsp;&nbsp;&nbsp;&nbsp;&nbsp;&nbsp;&nbsp;&nbsp;&nbsp;&nbsp;&nbsp;&nbsp;&nbsp;&nbsp;&nbsp;&nbsp;&nbsp;&nbsp;&nbsp;&nbsp;&nbsp;&nbsp;&nbsp;&nbsp;&nbsp;&nbsp;&nbsp;&nbsp;&nbsp;&nbsp;&nbsp;&nbsp;&nbsp;&nbsp;&nbsp;&nbsp;&nbsp;&nbsp;&nbsp;&nbsp;&nbsp;&nbsp;&nbsp;&nbsp;&nbsp;Edgar Pimenta<\/em><\/p>\n\n\n\n<p><\/p>\n\n\n\n<p><\/p>\n\n\n\n<h2 class=\"wp-block-heading has-text-align-center\"><a href=\"https:\/\/obegef.pt\/wordpress\/wp-content\/uploads\/2025\/03\/Premio-Professor-Carlos-Pimenta-edicao-2.1.pdf\" target=\"_blank\" rel=\"noreferrer noopener\">Regulamento<\/a><\/h2>\n\n\n\n<p><\/p>\n","protected":false},"excerpt":{"rendered":"<p>O Professor Carlos Pimenta foi o grande impulsionador da cria\u00e7\u00e3o e dinamiza\u00e7\u00e3o do Observat\u00f3rio de Economia e Gest\u00e3o de Fraude (OBEGEF), projeto que se assumiu logo como entidade da sociedade civil com o prop\u00f3sito fundamental de contribuir para uma economia e uma sociedade mais integra e transparente, nomeadamente em rela\u00e7\u00e3o a fen\u00f3menos como a economia&hellip; <a href=\"https:\/\/obegef.pt\/wordpress\/?p=48739\">Ler mais&#8230;<\/a><\/p>\n","protected":false},"author":1,"featured_media":0,"comment_status":"closed","ping_status":"closed","sticky":false,"template":"","format":"standard","meta":{"_bbp_topic_count":0,"_bbp_reply_count":0,"_bbp_total_topic_count":0,"_bbp_total_reply_count":0,"_bbp_voice_count":0,"_bbp_anonymous_reply_count":0,"_bbp_topic_count_hidden":0,"_bbp_reply_count_hidden":0,"_bbp_forum_subforum_count":0,"_exactmetrics_skip_tracking":false,"_exactmetrics_sitenote_active":false,"_exactmetrics_sitenote_note":"","_exactmetrics_sitenote_category":0,"footnotes":""},"categories":[45],"tags":[],"class_list":["post-48739","post","type-post","status-publish","format-standard","hentry","category-publicidade"],"_links":{"self":[{"href":"https:\/\/obegef.pt\/wordpress\/index.php?rest_route=\/wp\/v2\/posts\/48739","targetHints":{"allow":["GET"]}}],"collection":[{"href":"https:\/\/obegef.pt\/wordpress\/index.php?rest_route=\/wp\/v2\/posts"}],"about":[{"href":"https:\/\/obegef.pt\/wordpress\/index.php?rest_route=\/wp\/v2\/types\/post"}],"author":[{"embeddable":true,"href":"https:\/\/obegef.pt\/wordpress\/index.php?rest_route=\/wp\/v2\/users\/1"}],"replies":[{"embeddable":true,"href":"https:\/\/obegef.pt\/wordpress\/index.php?rest_route=%2Fwp%2Fv2%2Fcomments&post=48739"}],"version-history":[{"count":5,"href":"https:\/\/obegef.pt\/wordpress\/index.php?rest_route=\/wp\/v2\/posts\/48739\/revisions"}],"predecessor-version":[{"id":49022,"href":"https:\/\/obegef.pt\/wordpress\/index.php?rest_route=\/wp\/v2\/posts\/48739\/revisions\/49022"}],"wp:attachment":[{"href":"https:\/\/obegef.pt\/wordpress\/index.php?rest_route=%2Fwp%2Fv2%2Fmedia&parent=48739"}],"wp:term":[{"taxonomy":"category","embeddable":true,"href":"https:\/\/obegef.pt\/wordpress\/index.php?rest_route=%2Fwp%2Fv2%2Fcategories&post=48739"},{"taxonomy":"post_tag","embeddable":true,"href":"https:\/\/obegef.pt\/wordpress\/index.php?rest_route=%2Fwp%2Fv2%2Ftags&post=48739"}],"curies":[{"name":"wp","href":"https:\/\/api.w.org\/{rel}","templated":true}]}}