{"id":48146,"date":"2024-03-09T12:03:00","date_gmt":"2024-03-09T12:03:00","guid":{"rendered":"https:\/\/obegef.pt\/wordpress\/?p=48146"},"modified":"2024-03-10T12:08:07","modified_gmt":"2024-03-10T12:08:07","slug":"ai-que-eu-caio-segurem-me-que-eu-caio-2-2-3-2-2-2-2-2-2-2-2-2-2-2-2-2-2-2-2-2-2-2-2-2-2-2-2-2-2-2-2-2-2-2-2-53-3-2-2-2-2-3-2-2-2-2-2-2-2-2-2-2-3-2-2-2-2-3-2-3-2-2-2-3-4-2-2-3-2-2-2-2-2-2-2-2-2-2-2-4-9","status":"publish","type":"post","link":"https:\/\/obegef.pt\/wordpress\/?p=48146","title":{"rendered":"Projeto Estudantil da FEP \u2013 um porto para o emprego jovem e a inova\u00e7\u00e3o"},"content":{"rendered":"\n<p><span style=\"color: #d8070f;\"><strong>\u00d3scar Afonso, Dinheiro Vivo<\/strong><\/span><\/p>\n\n\n<div class=\"wp-block-image\">\n<figure class=\"alignleft is-resized\"><a href=\"https:\/\/www.dinheirovivo.pt\/5782980994\/projeto-estudantil-da-fep-um-porto-para-o-emprego-jovem-e-a-inovacao\/\" target=\"_blank\" rel=\"noreferrer noopener\"><img loading=\"lazy\" decoding=\"async\" width=\"16\" height=\"16\" src=\"http:\/\/obegef.pt\/wordpress\/wp-content\/uploads\/2009\/01\/go2.png\" alt=\"\" class=\"wp-image-19\" style=\"width:16px;height:16px\" title=\"Liga\u00e7\u00e3o \u00e0 Publica\u00e7\u00e3o\"\/><\/a><\/figure><\/div>\n\n\n<p class=\"has-text-align-left\"><em>Nos passados dias 27 e 28 de fevereiro decorreu na Faculdade de Economia da Universidade do Porto (FEP) a 24.\u00aa edi\u00e7\u00e3o do \u2018Porto de Emprego\u2019, a maior e mais prestigiada feira de emprego organizada por estudantes a n\u00edvel nacional.<\/em><\/p>\n\n\n\n<!--more-->\n\n\n\n<p>A feira \u00e9 organizada desde 2001 pelos estudantes membros da FEP\u00a0<em>JuniorConsulting<\/em>, a j\u00fanior empresa sediada na Faculdade, que \u00e9 a \u00fanica em Portugal com a certifica\u00e7\u00e3o de qualidade ISO 9001:2015, um reconhecimento do excelente trabalho dos estudantes da FEP.<\/p>\n\n\n\n<p>O projeto, que conta com ainda com a colabora\u00e7\u00e3o do Servi\u00e7o de Desenvolvimento e Carreira (SDC) da FEP, tem como grande objetivo promover o contacto das empresas com pr\u00e9-finalistas e finalistas de diversas universidades \u2013 sobretudo os da Universidade do Porto \u2013, estimulando um elo de liga\u00e7\u00e3o entre os estudantes e a realidade do mercado de trabalho.<\/p>\n\n\n\n<p>Estiveram presentes, direta e indiretamente, 65 empresas de variados setores, nomeadamente das \u00e1reas da tecnologia, engenharia, marketing e finan\u00e7as, que assim tiveram a oportunidade de divulgar toda a informa\u00e7\u00e3o na \u00e1rea de emprego e da forma\u00e7\u00e3o profissional, nomeadamente ofertas de est\u00e1gios, a\u00e7\u00f5es de forma\u00e7\u00e3o e recrutamento, tendo em vista a pesquisa e incorpora\u00e7\u00e3o de novo talento nas respetivas organiza\u00e7\u00f5es.<\/p>\n\n\n\n<p>Por sua vez, os estudantes, em torno de cinco mil, tiveram a oportunidade \u00fanica de interagir face a face com os recrutadores, participar em&nbsp;<em>workshops<\/em>, ouvir palestrantes inspiradores e candidatar-se \u00e0s vagas dispon\u00edveis (mais de 500), deixando o seu&nbsp;<em>Curriculum Vitae<\/em>&nbsp;\u00e0s empresas atrav\u00e9s de uma solu\u00e7\u00e3o tecnol\u00f3gica facilitadora (usando QR Code).<\/p>\n\n\n\n<p>Tivemos, assim, um verdadeiro mercado de trabalho a funcionar \u2018ao vivo\u2019 nas instala\u00e7\u00f5es da FEP.<\/p>\n\n\n\n<p>Este ano, al\u00e9m da expans\u00e3o do espa\u00e7o destinado \u00e0s empresas, \u201cuma das novidades foi a altera\u00e7\u00e3o do&nbsp;<em>layout<\/em>&nbsp;da sec\u00e7\u00e3o destinada exclusivamente ao segmento das&nbsp;<em>startups<\/em>\u201d, introduzida no ano anterior, tratando-se de \u201cuma pequena feira de emprego dentro da feira maior (\u2026) para que os estudantes possam conhecer a camada mais din\u00e2mica do mercado de trabalho\u201d, segundo Diogo Lopes, um dos estudantes do comit\u00e9 organizador.<\/p>\n\n\n\n<p>\u201cEste espa\u00e7o\u00a0<em>startup<\/em>\u00a0foi substitu\u00eddo, no segundo dia, pelo \u2018<em>innovationlab<\/em>\u2019, que foi outra das novidades da 24.\u00aa edi\u00e7\u00e3o, permitindo aos estudantes a oportunidade de criarem a sua pr\u00f3pria\u00a0<em>startup<\/em> com apoio de mentores da UPTEC, que \u00e9 uma grande incubadora da cidade do Porto, tendo grande experi\u00eancia no desenvolvimento de novos neg\u00f3cios usando as ideias dos estudantes\u201d.<\/p>\n\n\n\n<p>\u201cEsfor\u00e7amo-nos para que f\u00f4ssemos mais do que uma feira de emprego, quisemos ser a plataforma para o sucesso e a base para o futuro dos estudantes da nossa Faculdade, tendo sido esse o intuito de inovar e introduzir essa nova modalidade\u201d (\u2018<em>innovationlab<\/em>\u2019) nas palavras de Diogo Lopes.<\/p>\n\n\n\n<p>Como Diretor da FEP, \u00e9 um enorme orgulho este trabalho impactante de organiza\u00e7\u00e3o e dinamiza\u00e7\u00e3o do \u2018Porto de Emprego realizado pelos estudantes da FEP, que muito beneficia as empresas e a economia do Porto, da regi\u00e3o Norte e do Pa\u00eds como um todo, por ser um fator promotor de emprego e de inova\u00e7\u00e3o, como se comprova.<\/p>\n\n\n\n<p>O&nbsp;<em>feedback<\/em>&nbsp;recebido dos recrutadores tamb\u00e9m n\u00e3o podia ser melhor, atestando o enorme sucesso deste evento.<\/p>\n\n\n\n<p>O dinamismo e qualidade dos estudantes da FEP, al\u00e9m de despertar o interesse das empresas, contribui para refor\u00e7ar o prest\u00edgio e o orgulho da Faculdade e de todos os que nela trabalham, desde os professores, aos investigadores e demais colaboradores, incluindo a Dire\u00e7\u00e3o.<\/p>\n\n\n\n<p>A FEP&nbsp;<em>JuniorConsulting<\/em>&nbsp;est\u00e1 de parab\u00e9ns por mais uma edi\u00e7\u00e3o de sucesso do \u2018Porto de Emprego\u2019, mas n\u00e3o posso deixar de salientar que a Faculdade tem muitas mais organiza\u00e7\u00f5es de estudantes cujo trabalho e empenho tamb\u00e9m muito orgulham a FEP, umas tamb\u00e9m na \u00e1rea de consultoria e liga\u00e7\u00e3o ao mercado de trabalho, e outras na \u00e1rea da cultura, nomeadamente.<\/p>\n\n\n\n<p>As diversas organiza\u00e7\u00f5es estudantis da FEP e as suas causas e prop\u00f3sitos podem ser consultados no s\u00edtio de internet abaixo \u2013 \u00e9 uma forma de as promover aos&nbsp;<em>stakeholders&nbsp;<\/em>interessados, depois de ter \u2018desperto o apetite\u2019 ao descrever o sucesso que foi mais uma edi\u00e7\u00e3o do \u2018Porto de Emprego\u2019.<\/p>\n\n\n\n<p>Os estudantes da FEP (os que melhor conhe\u00e7o) e os demais jovens \u2013 estudantes ou j\u00e1 no ativo \u2013, filhas e filhos de Portugal, s\u00e3o o futuro do nosso Pa\u00eds, sendo por isso merecedores de todas as oportunidades que lhes possamos oferecer e de todas as condi\u00e7\u00f5es de que precisam para prosperar e fazer progredir a nossa economia e sociedade.<\/p>\n","protected":false},"excerpt":{"rendered":"<p>\u00d3scar Afonso, Dinheiro Vivo Nos passados dias 27 e 28 de fevereiro decorreu na Faculdade de Economia da Universidade do Porto (FEP) a 24.\u00aa edi\u00e7\u00e3o do \u2018Porto de Emprego\u2019, a maior e mais prestigiada feira de emprego organizada por estudantes a n\u00edvel nacional.<\/p>\n","protected":false},"author":1,"featured_media":0,"comment_status":"closed","ping_status":"closed","sticky":false,"template":"","format":"standard","meta":{"_bbp_topic_count":0,"_bbp_reply_count":0,"_bbp_total_topic_count":0,"_bbp_total_reply_count":0,"_bbp_voice_count":0,"_bbp_anonymous_reply_count":0,"_bbp_topic_count_hidden":0,"_bbp_reply_count_hidden":0,"_bbp_forum_subforum_count":0,"_exactmetrics_skip_tracking":false,"_exactmetrics_sitenote_active":false,"_exactmetrics_sitenote_note":"","_exactmetrics_sitenote_category":0,"footnotes":""},"categories":[72,279],"tags":[],"class_list":["post-48146","post","type-post","status-publish","format-standard","hentry","category-cronicas","category-dinheiro-vivo"],"_links":{"self":[{"href":"https:\/\/obegef.pt\/wordpress\/index.php?rest_route=\/wp\/v2\/posts\/48146","targetHints":{"allow":["GET"]}}],"collection":[{"href":"https:\/\/obegef.pt\/wordpress\/index.php?rest_route=\/wp\/v2\/posts"}],"about":[{"href":"https:\/\/obegef.pt\/wordpress\/index.php?rest_route=\/wp\/v2\/types\/post"}],"author":[{"embeddable":true,"href":"https:\/\/obegef.pt\/wordpress\/index.php?rest_route=\/wp\/v2\/users\/1"}],"replies":[{"embeddable":true,"href":"https:\/\/obegef.pt\/wordpress\/index.php?rest_route=%2Fwp%2Fv2%2Fcomments&post=48146"}],"version-history":[{"count":1,"href":"https:\/\/obegef.pt\/wordpress\/index.php?rest_route=\/wp\/v2\/posts\/48146\/revisions"}],"predecessor-version":[{"id":48147,"href":"https:\/\/obegef.pt\/wordpress\/index.php?rest_route=\/wp\/v2\/posts\/48146\/revisions\/48147"}],"wp:attachment":[{"href":"https:\/\/obegef.pt\/wordpress\/index.php?rest_route=%2Fwp%2Fv2%2Fmedia&parent=48146"}],"wp:term":[{"taxonomy":"category","embeddable":true,"href":"https:\/\/obegef.pt\/wordpress\/index.php?rest_route=%2Fwp%2Fv2%2Fcategories&post=48146"},{"taxonomy":"post_tag","embeddable":true,"href":"https:\/\/obegef.pt\/wordpress\/index.php?rest_route=%2Fwp%2Fv2%2Ftags&post=48146"}],"curies":[{"name":"wp","href":"https:\/\/api.w.org\/{rel}","templated":true}]}}