{"id":48144,"date":"2024-03-07T11:56:00","date_gmt":"2024-03-07T11:56:00","guid":{"rendered":"https:\/\/obegef.pt\/wordpress\/?p=48144"},"modified":"2024-03-10T12:08:48","modified_gmt":"2024-03-10T12:08:48","slug":"ai-que-eu-caio-segurem-me-que-eu-caio-2-2-3-2-2-2-2-2-2-2-2-2-2-2-2-2-2-2-2-2-2-2-2-2-2-2-2-2-2-2-2-2-2-2-3-2-2-2-2-2-2-2-2-2-2-2-7-2-2-2-3-2-4-3-2-31-9-2-2-2-2-2-2-2-2-2-2-2-2-2-2-2-2-2-2-2-2-3-2-8-7","status":"publish","type":"post","link":"https:\/\/obegef.pt\/wordpress\/?p=48144","title":{"rendered":"Corrup\u00e7\u00e3o estrat\u00e9gica \u2013 recentrar a agenda anticorrup\u00e7\u00e3o"},"content":{"rendered":"\n<p><strong><span style=\"color: #d8070f;\">Rute Serra, Expresso online<\/span><\/strong><\/p>\n\n\n<div class=\"wp-block-image\">\n<figure class=\"alignleft is-resized\"><a href=\"https:\/\/expresso.pt\/opiniao\/2024-03-07-Corrupcao-estrategica--recentrar-a-agenda-anticorrupcao-69514bd7\" target=\"_blank\" rel=\"noreferrer noopener\"><img loading=\"lazy\" decoding=\"async\" width=\"16\" height=\"16\" src=\"http:\/\/obegef.pt\/wordpress\/wp-content\/uploads\/2009\/01\/go2.png\" alt=\"\" class=\"wp-image-19\" style=\"width:20px;height:20px\" title=\"Liga\u00e7\u00e3o \u00e0 Publica\u00e7\u00e3o\"\/><\/a><\/figure><\/div>\n\n\n<p><em>Reduzir a problem\u00e1tica da corrup\u00e7\u00e3o \u00e0 \u201cobten\u00e7\u00e3o de ganho privado atrav\u00e9s de abuso de poder confiado\u201d, ignorando o seu car\u00e1ter transnacional e geoestrat\u00e9gico, considerando o seu impacto negativo na seguran\u00e7a dos direitos humanos e dos pr\u00f3prios Estados, \u00e9 equivalente a assobiar para o lado ou fazer check num problema a subir constantemente nos rankings da perce\u00e7\u00e3o da corrup\u00e7\u00e3o, n\u00e3o a encar\u00e1-lo de modo s\u00e9rio<\/em><\/p>\n\n\n\n<!--more-->\n\n\n\n<p>Na espuma dos dias de campanha eleitoral, parece que a batuta no que concerne \u00e0 agenda anticorrup\u00e7\u00e3o em Portugal, anda descompassada da m\u00fasica que toca a n\u00edvel internacional, a qual incide, queira-se ou n\u00e3o, indel\u00e9vel, na nossa vida.<\/p>\n\n\n\n<p>O (tamb\u00e9m ele descompassado) calend\u00e1rio pol\u00edtico atual atrasou dramaticamente o que devia j\u00e1 estar, neste conspecto, a ser feito. Relembra-se que a Estrat\u00e9gia Nacional Anticorrup\u00e7\u00e3o (2020-2024) devia estar j\u00e1 planeada e, pelo menos, em vias de ser publicada, por\u00e9m, estamos na estaca zero.<\/p>\n\n\n\n<p>Malgrado esta condi\u00e7\u00e3o perversa, soma-se o prometido pelo panorama partid\u00e1rio, uns com melhor h\u00e1lito que outros \u2013 um discurso program\u00e1tico centrado na regula\u00e7\u00e3o do l\u00f3bi e na criminaliza\u00e7\u00e3o do enriquecimento il\u00edcito \u2013 temas h\u00e1 muito legislados na maioria dos pa\u00edses europeus. O que prova o nosso atraso cr\u00f3nico e uma insuport\u00e1vel indol\u00eancia, da qual j\u00e1 o saudoso E\u00e7a se queixava.<\/p>\n\n\n\n<p>Reduzir a problem\u00e1tica da corrup\u00e7\u00e3o \u00e0 \u201cobten\u00e7\u00e3o de ganho privado atrav\u00e9s de abuso de poder confiado\u201d, ignorando o seu car\u00e1ter transnacional e geoestrat\u00e9gico, considerando o seu impacto negativo na seguran\u00e7a dos direitos humanos e dos pr\u00f3prios Estados, \u00e9 equivalente a assobiar para o lado ou fazer check num problema a subir constantemente nos rankings da perce\u00e7\u00e3o da corrup\u00e7\u00e3o, n\u00e3o a encar\u00e1-lo de modo s\u00e9rio.<\/p>\n\n\n\n<p>Em dezembro transato, foi adotado pela Comiss\u00e3o Europeia o pacote de \u201cDefesa da Democracia\u201d, no qual se incluem medidas legislativas e n\u00e3o legislativas, destinadas a mitigar a influ\u00eancia estrangeira subliminar, percecionada na nossa vida democr\u00e1tica. Atrav\u00e9s, n\u00e3o s\u00f3 mas tamb\u00e9m, do fomento da participa\u00e7\u00e3o c\u00edvica pretende-se fortalecer a democracia europeia, tornando-a mais resiliente. Este pacote surgiu em resposta aos 81% que se manifestaram preocupados com a interfer\u00eancia estrangeira nos nossos sistemas democr\u00e1ticos, no \u00faltimo Eurobar\u00f3metro especial Cidadania e Democracia.<\/p>\n\n\n\n<p>O foco da Uni\u00e3o Europeia na corrup\u00e7\u00e3o estrat\u00e9gica - aquela que a R\u00fassia (entre outros Estados autocr\u00e1ticos) dissemina pelo menos desde a d\u00e9cada de 90, atrav\u00e9s do estabelecimento de la\u00e7os econ\u00f3micos il\u00edcitos, amea\u00e7ando enormemente, desse modo, a seguran\u00e7a internacional, n\u00e3o obstante carecer de ajustes, \u00e9 um facto relevante ao qual deve ser dada aten\u00e7\u00e3o.<\/p>\n\n\n\n<p>A amea\u00e7a paira sobre os centros financeiros da Europa, alvo da introdu\u00e7\u00e3o de fluxos constantes de dinheiros sujos, com vista a condicionar a a\u00e7\u00e3o pol\u00edtica desses Estados. E sabemos que Portugal, apesar da sua dimens\u00e3o, n\u00e3o est\u00e1 imune. O objetivo \u00faltimo \u00e9 capturar os Estados do Ocidente, considerando a depend\u00eancia econ\u00f3mica estabelecida.<\/p>\n\n\n\n<p>Quando falamos de corrup\u00e7\u00e3o estrat\u00e9gica \u2013 conceito ainda pouco conhecido em Portugal, mas o qual ganhar\u00e1, inevitavelmente, protagonismo nos pr\u00f3ximos tempos \u2013 estamos a referir-nos a uma arma reinventada para mudar a din\u00e2mica do poder, no cen\u00e1rio geopol\u00edtico. Atente-se, por exemplo, no caso do ex-chanceler alem\u00e3o Gerhard Schr\u00f6der, o qual enfrenta acusa\u00e7\u00f5es criminais por ter integrado, no ano em que cessou fun\u00e7\u00f5es, o Conselho de Administra\u00e7\u00e3o da Gazprom. Mas n\u00e3o s\u00f3. Existem provas de financiamento ileg\u00edtimo da R\u00fassia, a partidos pol\u00edticos europeus, como sejam a Frente Nacional em Fran\u00e7a, a AfD na Alemanha e os Conservadores no Reino Unido, estrat\u00e9gia utilizada para minar a capacidade do Parlamento Europeu de sancionar a R\u00fassia.<\/p>\n\n\n\n<p>Nunca como hoje \u00e9 t\u00e3o importante defender a democracia. Quem conseguir alinhar os objetivos da pol\u00edtica externa com os prop\u00f3sitos anticorrup\u00e7\u00e3o, atrav\u00e9s da mitiga\u00e7\u00e3o de vulnerabilidades nas institui\u00e7\u00f5es governamentais e na tomada de decis\u00f5es, estar\u00e1 no caminho certo. O que precisamos \u00e9 de um governo que garanta a efic\u00e1cia do enquadramento normativo de integridade, nos setores p\u00fablico e privado, atrav\u00e9s da lente geopol\u00edtica, de modo aberto e respons\u00e1vel.<\/p>\n\n\n\n<p>Esta deve ser a nova agenda anticorrup\u00e7\u00e3o. A come\u00e7ar a ser pensada j\u00e1.<\/p>\n","protected":false},"excerpt":{"rendered":"<p>Rute Serra, Expresso online Reduzir a problem\u00e1tica da corrup\u00e7\u00e3o \u00e0 \u201cobten\u00e7\u00e3o de ganho privado atrav\u00e9s de abuso de poder confiado\u201d, ignorando o seu car\u00e1ter transnacional e geoestrat\u00e9gico, considerando o seu impacto negativo na seguran\u00e7a dos direitos humanos e dos pr\u00f3prios Estados, \u00e9 equivalente a assobiar para o lado ou fazer check num problema a subir&hellip; <a href=\"https:\/\/obegef.pt\/wordpress\/?p=48144\">Ler mais&#8230;<\/a><\/p>\n","protected":false},"author":1,"featured_media":0,"comment_status":"closed","ping_status":"closed","sticky":false,"template":"","format":"standard","meta":{"_bbp_topic_count":0,"_bbp_reply_count":0,"_bbp_total_topic_count":0,"_bbp_total_reply_count":0,"_bbp_voice_count":0,"_bbp_anonymous_reply_count":0,"_bbp_topic_count_hidden":0,"_bbp_reply_count_hidden":0,"_bbp_forum_subforum_count":0,"_exactmetrics_skip_tracking":false,"_exactmetrics_sitenote_active":false,"_exactmetrics_sitenote_note":"","_exactmetrics_sitenote_category":0,"footnotes":""},"categories":[72,282],"tags":[],"class_list":["post-48144","post","type-post","status-publish","format-standard","hentry","category-cronicas","category-expresso-online"],"_links":{"self":[{"href":"https:\/\/obegef.pt\/wordpress\/index.php?rest_route=\/wp\/v2\/posts\/48144","targetHints":{"allow":["GET"]}}],"collection":[{"href":"https:\/\/obegef.pt\/wordpress\/index.php?rest_route=\/wp\/v2\/posts"}],"about":[{"href":"https:\/\/obegef.pt\/wordpress\/index.php?rest_route=\/wp\/v2\/types\/post"}],"author":[{"embeddable":true,"href":"https:\/\/obegef.pt\/wordpress\/index.php?rest_route=\/wp\/v2\/users\/1"}],"replies":[{"embeddable":true,"href":"https:\/\/obegef.pt\/wordpress\/index.php?rest_route=%2Fwp%2Fv2%2Fcomments&post=48144"}],"version-history":[{"count":2,"href":"https:\/\/obegef.pt\/wordpress\/index.php?rest_route=\/wp\/v2\/posts\/48144\/revisions"}],"predecessor-version":[{"id":48148,"href":"https:\/\/obegef.pt\/wordpress\/index.php?rest_route=\/wp\/v2\/posts\/48144\/revisions\/48148"}],"wp:attachment":[{"href":"https:\/\/obegef.pt\/wordpress\/index.php?rest_route=%2Fwp%2Fv2%2Fmedia&parent=48144"}],"wp:term":[{"taxonomy":"category","embeddable":true,"href":"https:\/\/obegef.pt\/wordpress\/index.php?rest_route=%2Fwp%2Fv2%2Fcategories&post=48144"},{"taxonomy":"post_tag","embeddable":true,"href":"https:\/\/obegef.pt\/wordpress\/index.php?rest_route=%2Fwp%2Fv2%2Ftags&post=48144"}],"curies":[{"name":"wp","href":"https:\/\/api.w.org\/{rel}","templated":true}]}}