{"id":47596,"date":"2023-07-07T16:34:00","date_gmt":"2023-07-07T16:34:00","guid":{"rendered":"https:\/\/obegef.pt\/wordpress\/?p=47596"},"modified":"2023-07-09T16:38:46","modified_gmt":"2023-07-09T16:38:46","slug":"ai-que-eu-caio-segurem-me-que-eu-caio-2-2-3-2-2-2-2-2-2-2-2-2-2-2-2-2-2-2-2-2-2-2-2-2-2-2-2-2-2-2-2-2-2-2-2-53-3-2-2-2-2-3-2-2-2-2-2-2-2-2-2-2-3-2-2-2-2-3-2-3-2-2-2-3-4-2-2-3-2-2-2-2-2-2-2-2-2-2-2-23","status":"publish","type":"post","link":"https:\/\/obegef.pt\/wordpress\/?p=47596","title":{"rendered":"Porque arde a Fran\u00e7a?"},"content":{"rendered":"\n<p><span style=\"color: #d8070f;\"><strong>Jorge Fonseca de Almeida, Dinheiro Vivo<\/strong><\/span><\/p>\n\n\n<div class=\"wp-block-image\">\n<figure class=\"alignleft is-resized\"><a href=\"https:\/\/www.dinheirovivo.pt\/opiniao\/porque-arde-a-franca-16653727.html\" target=\"_blank\" rel=\"noopener noreferrer\"><img loading=\"lazy\" decoding=\"async\" src=\"http:\/\/obegef.pt\/wordpress\/wp-content\/uploads\/2009\/01\/go2.png\" alt=\"\" class=\"wp-image-19\" width=\"16\" height=\"16\" title=\"Liga\u00e7\u00e3o \u00e0 Publica\u00e7\u00e3o\"\/><\/a><\/figure><\/div>\n\n\n<p class=\"has-text-align-left\"><em>Os \u00faltimos dias e, principalmente, noites t\u00eam sido marcados por grandes manifesta\u00e7\u00f5es dos franceses e imigrantes racializados, forte repress\u00e3o policial, com uso de ve\u00edculos blindados, drones e mais de uma centena de milhares de pol\u00edcias armados, e de resist\u00eancia violenta, no que \u00e9 um t\u00edpico levantamento popular.<\/em><\/p>\n\n\n\n<!--more-->\n\n\n\n<p>A comunica\u00e7\u00e3o social francesa, numa prova de incompreens\u00e3o do que se passa, classifica os manifestantes de v\u00e2ndalos. Mas haver\u00e1 tantos v\u00e2ndalos em Fran\u00e7a? O que gera a viol\u00eancia destas manifesta\u00e7\u00f5es?<\/p>\n\n\n\n<p>A Fran\u00e7a tem tido nos \u00faltimos meses enormes manifesta\u00e7\u00f5es, algumas com milh\u00f5es de pessoas nas ruas, contra o aumento da idade da reforma. Essas manifesta\u00e7\u00f5es foram, no essencial, pac\u00edficas. Muitos dos jovens que se levantaram nos \u00faltimos dias tamb\u00e9m participaram nas manifesta\u00e7\u00f5es sindicais pela manuten\u00e7\u00e3o da idade da reforma. O que \u00e9 que distingue, ent\u00e3o, estas duas manifesta\u00e7\u00f5es?<\/p>\n\n\n\n<p>\u00c9 que a manifesta\u00e7\u00e3o pela idade da reforma \u00e9 uma luta econ\u00f3mica, uma luta por uma melhor reparti\u00e7\u00e3o da riqueza social, uma luta por algo que sendo importante representa apenas 5% mais de tempo de trabalho ao longo da vida. Tempo de trabalho que pode ser compensado com diminui\u00e7\u00e3o de horas semanais, com aumento dos sal\u00e1rios, com mil e um outros ganhos. Nada de profundamente essencial est\u00e1 em jogo.<\/p>\n\n\n\n<p>O levantamento popular dos jovens tem outra natureza. O que est\u00e1 em jogo \u00e9 a sua Vida. O que est\u00e1 em jogo \u00e9 normaliza\u00e7\u00e3o do assassinato de jovens racializados pela Pol\u00edcia. Por isso a resist\u00eancia perante a mais forte repress\u00e3o policial. Por isso a resist\u00eancia apesar das centenas de pris\u00f5es di\u00e1rias. Os jovens sentem e sabem que se deixarem estes crimes passar impunes a Pol\u00edcia, que j\u00e1 os acedia continuamente com buscas, revistas, agress\u00f5es, assassinatos ocasionais, vai continuar a sua escalada de viol\u00eancia contra eles. Vai continuar a mat\u00e1-los por motivos f\u00fateis como infra\u00e7\u00f5es de tr\u00e2nsito, a mat\u00e1-los por d\u00e1 c\u00e1 aquela palha. Por isso a f\u00faria, por isso os carros virados, as lojas queimadas.<\/p>\n\n\n\n<p>O jornal Le Monde relata hoje mesmo que a Pol\u00edcia matou outro jovem aquando de outro controlo de tr\u00e2nsito, desta feita um rapaz guineense de 19 anos (ver aqui).<\/p>\n\n\n\n<p>\u00c9, pois, a diferen\u00e7a entre a luta econ\u00f3mica por um pouco mais de conforto e a luta, literalmente, pela Vida que explica a diferen\u00e7a de combatividade e viol\u00eancia destes dois tipos de manifesta\u00e7\u00e3o.<\/p>\n\n\n\n<p>Quando a nossa Vida est\u00e1 amea\u00e7ada, quando nos sentimos em perigo de morte, naturalmente, reagimos com mais veem\u00eancia, com mais energia, com mais destemor. E \u00e9 correto, porque temos um dever para com n\u00f3s mesmos de preservar a nossa Vida e a dos nossos. O direito \u00e0 Vida \u00e9 o mais importante de todos os Direitos e deve ser defendido a todo o custo.<\/p>\n\n\n\n<p>N\u00e3o se trata, ent\u00e3o, de vandalismo mas da espont\u00e2nea e dura luta pela sobreviv\u00eancia f\u00edsica, pelo simples direito de existir, pela Vida Humana. Para n\u00e3o ser a pr\u00f3xima v\u00edtima de uma opera\u00e7\u00e3o de tr\u00e2nsito.<\/p>\n\n\n\n<p>Quem n\u00e3o \u00e9 racializado n\u00e3o corre esse risco de morte, n\u00e3o teme ser morto pela Pol\u00edcia em qualquer opera\u00e7\u00e3o stop e, por isso, muitos n\u00e3o compreendem a viol\u00eancia que se tem verificado. \u00c9 tempo de abrir os olhos.<\/p>\n\n\n\n<p>Existem igualmente raz\u00f5es sociais, econ\u00f3micas e de racismo estrutural na sociedade francesa que explicam a situa\u00e7\u00e3o dos jovens franceses e imigrantes racializados. Essas raz\u00f5es que abordei noutro artigo (ver aqui) explicam tamb\u00e9m a rotina da brutalidade policial quotidiana que despoletou estes acontecimentos.<\/p>\n\n\n\n<p>Mas a viol\u00eancia destas manifesta\u00e7\u00f5es t\u00eam uma raz\u00e3o, tem uma raiz. \u00c9 a luta pela VIDA, para que a Pol\u00edcia n\u00e3o tenha uma licen\u00e7a de matar jovens racializados.<\/p>\n\n\n\n<p>E n\u00e3o nos enganemos. Em Portugal a continuar o caminho que seguimos podemos assistir a levantamentos como este. \u00c9 preciso mudar de pol\u00edticas.<\/p>\n","protected":false},"excerpt":{"rendered":"<p>Jorge Fonseca de Almeida, Dinheiro Vivo Os \u00faltimos dias e, principalmente, noites t\u00eam sido marcados por grandes manifesta\u00e7\u00f5es dos franceses e imigrantes racializados, forte repress\u00e3o policial, com uso de ve\u00edculos blindados, drones e mais de uma centena de milhares de pol\u00edcias armados, e de resist\u00eancia violenta, no que \u00e9 um t\u00edpico levantamento popular.<\/p>\n","protected":false},"author":1,"featured_media":0,"comment_status":"closed","ping_status":"closed","sticky":false,"template":"","format":"standard","meta":{"_bbp_topic_count":0,"_bbp_reply_count":0,"_bbp_total_topic_count":0,"_bbp_total_reply_count":0,"_bbp_voice_count":0,"_bbp_anonymous_reply_count":0,"_bbp_topic_count_hidden":0,"_bbp_reply_count_hidden":0,"_bbp_forum_subforum_count":0,"_exactmetrics_skip_tracking":false,"_exactmetrics_sitenote_active":false,"_exactmetrics_sitenote_note":"","_exactmetrics_sitenote_category":0,"footnotes":""},"categories":[72,279],"tags":[],"class_list":["post-47596","post","type-post","status-publish","format-standard","hentry","category-cronicas","category-dinheiro-vivo"],"_links":{"self":[{"href":"https:\/\/obegef.pt\/wordpress\/index.php?rest_route=\/wp\/v2\/posts\/47596","targetHints":{"allow":["GET"]}}],"collection":[{"href":"https:\/\/obegef.pt\/wordpress\/index.php?rest_route=\/wp\/v2\/posts"}],"about":[{"href":"https:\/\/obegef.pt\/wordpress\/index.php?rest_route=\/wp\/v2\/types\/post"}],"author":[{"embeddable":true,"href":"https:\/\/obegef.pt\/wordpress\/index.php?rest_route=\/wp\/v2\/users\/1"}],"replies":[{"embeddable":true,"href":"https:\/\/obegef.pt\/wordpress\/index.php?rest_route=%2Fwp%2Fv2%2Fcomments&post=47596"}],"version-history":[{"count":1,"href":"https:\/\/obegef.pt\/wordpress\/index.php?rest_route=\/wp\/v2\/posts\/47596\/revisions"}],"predecessor-version":[{"id":47597,"href":"https:\/\/obegef.pt\/wordpress\/index.php?rest_route=\/wp\/v2\/posts\/47596\/revisions\/47597"}],"wp:attachment":[{"href":"https:\/\/obegef.pt\/wordpress\/index.php?rest_route=%2Fwp%2Fv2%2Fmedia&parent=47596"}],"wp:term":[{"taxonomy":"category","embeddable":true,"href":"https:\/\/obegef.pt\/wordpress\/index.php?rest_route=%2Fwp%2Fv2%2Fcategories&post=47596"},{"taxonomy":"post_tag","embeddable":true,"href":"https:\/\/obegef.pt\/wordpress\/index.php?rest_route=%2Fwp%2Fv2%2Ftags&post=47596"}],"curies":[{"name":"wp","href":"https:\/\/api.w.org\/{rel}","templated":true}]}}