{"id":46979,"date":"2022-10-18T18:17:00","date_gmt":"2022-10-18T18:17:00","guid":{"rendered":"https:\/\/obegef.pt\/wordpress\/?p=46979"},"modified":"2022-10-19T18:24:17","modified_gmt":"2022-10-19T18:24:17","slug":"professor-carlos-pimenta-2","status":"publish","type":"post","link":"https:\/\/obegef.pt\/wordpress\/?p=46979","title":{"rendered":"Assinatura Protocolo OBEGEF-ANAM"},"content":{"rendered":"\n<figure class=\"wp-block-image size-large\"><a href=\"https:\/\/obegef.pt\/wordpress\/wp-content\/uploads\/2022\/10\/Foto-assinatura-protocolo-OBEGEF-ANAM-1-scaled.jpg\"><img loading=\"lazy\" decoding=\"async\" width=\"1024\" height=\"560\" src=\"https:\/\/obegef.pt\/wordpress\/wp-content\/uploads\/2022\/10\/Foto-assinatura-protocolo-OBEGEF-ANAM-1-1024x560.jpg\" alt=\"\" class=\"wp-image-46981\" srcset=\"https:\/\/obegef.pt\/wordpress\/wp-content\/uploads\/2022\/10\/Foto-assinatura-protocolo-OBEGEF-ANAM-1-1024x560.jpg 1024w, https:\/\/obegef.pt\/wordpress\/wp-content\/uploads\/2022\/10\/Foto-assinatura-protocolo-OBEGEF-ANAM-1-300x164.jpg 300w, https:\/\/obegef.pt\/wordpress\/wp-content\/uploads\/2022\/10\/Foto-assinatura-protocolo-OBEGEF-ANAM-1-768x420.jpg 768w, https:\/\/obegef.pt\/wordpress\/wp-content\/uploads\/2022\/10\/Foto-assinatura-protocolo-OBEGEF-ANAM-1-1536x840.jpg 1536w, https:\/\/obegef.pt\/wordpress\/wp-content\/uploads\/2022\/10\/Foto-assinatura-protocolo-OBEGEF-ANAM-1-2048x1120.jpg 2048w, https:\/\/obegef.pt\/wordpress\/wp-content\/uploads\/2022\/10\/Foto-assinatura-protocolo-OBEGEF-ANAM-1-1170x640.jpg 1170w, https:\/\/obegef.pt\/wordpress\/wp-content\/uploads\/2022\/10\/Foto-assinatura-protocolo-OBEGEF-ANAM-1-1320x722.jpg 1320w\" sizes=\"auto, (max-width: 1024px) 100vw, 1024px\" \/><\/a><\/figure>\n\n\n\n<p>O OBEGEF celebrou, no passado dia 12 de outubro, um <a rel=\"noreferrer noopener\" href=\"https:\/\/obegef.pt\/wordpress\/wp-content\/uploads\/2022\/10\/PROTOCOLOA-OBEGEF-ANAM.pdf\" target=\"_blank\"><strong>protocolo de coopera\u00e7\u00e3o<\/strong><\/a> com a Associa\u00e7\u00e3o Nacional de Assembleias Municipais (ANAM) para a valoriza\u00e7\u00e3o de experi\u00eancias do poder local na preven\u00e7\u00e3o e repress\u00e3o da fraude e da corrup\u00e7\u00e3o e para a partilha de experi\u00eancias e conhecimento atrav\u00e9s de a\u00e7\u00f5es de divulga\u00e7\u00e3o, promo\u00e7\u00e3o de debates, reflex\u00f5es e de estudos sobre\u00a0estas tem\u00e1ticas.<\/p>\n\n\n\n<p>O protocolo foi assinado pelo presidente do OBEGEF, Ant\u00f3nio Jo\u00e3o Maia, e pelo Presidente da ANAM,&nbsp;Albino Almeida, e testemunhado pelo Secret\u00e1rio-Geral da ANAM, Ant\u00f3nio Afonso, e pelo Presidente do Centro de Valoriza\u00e7\u00e3o dos Eleitos Locais, Ferreira Ramos.<\/p>\n\n\n\n<p><\/p>\n","protected":false},"excerpt":{"rendered":"<p>O OBEGEF celebrou, no passado dia 12 de outubro, um protocolo de coopera\u00e7\u00e3o com a Associa\u00e7\u00e3o Nacional de Assembleias Municipais (ANAM) para a valoriza\u00e7\u00e3o de experi\u00eancias do poder local na preven\u00e7\u00e3o e repress\u00e3o da fraude e da corrup\u00e7\u00e3o e para a partilha de experi\u00eancias e conhecimento atrav\u00e9s de a\u00e7\u00f5es de divulga\u00e7\u00e3o, promo\u00e7\u00e3o de debates, reflex\u00f5es&hellip; <a href=\"https:\/\/obegef.pt\/wordpress\/?p=46979\">Ler mais&#8230;<\/a><\/p>\n","protected":false},"author":1,"featured_media":0,"comment_status":"closed","ping_status":"closed","sticky":false,"template":"","format":"standard","meta":{"_bbp_topic_count":0,"_bbp_reply_count":0,"_bbp_total_topic_count":0,"_bbp_total_reply_count":0,"_bbp_voice_count":0,"_bbp_anonymous_reply_count":0,"_bbp_topic_count_hidden":0,"_bbp_reply_count_hidden":0,"_bbp_forum_subforum_count":0,"_exactmetrics_skip_tracking":false,"_exactmetrics_sitenote_active":false,"_exactmetrics_sitenote_note":"","_exactmetrics_sitenote_category":0,"footnotes":""},"categories":[47],"tags":[],"class_list":["post-46979","post","type-post","status-publish","format-standard","hentry","category-noticias"],"_links":{"self":[{"href":"https:\/\/obegef.pt\/wordpress\/index.php?rest_route=\/wp\/v2\/posts\/46979","targetHints":{"allow":["GET"]}}],"collection":[{"href":"https:\/\/obegef.pt\/wordpress\/index.php?rest_route=\/wp\/v2\/posts"}],"about":[{"href":"https:\/\/obegef.pt\/wordpress\/index.php?rest_route=\/wp\/v2\/types\/post"}],"author":[{"embeddable":true,"href":"https:\/\/obegef.pt\/wordpress\/index.php?rest_route=\/wp\/v2\/users\/1"}],"replies":[{"embeddable":true,"href":"https:\/\/obegef.pt\/wordpress\/index.php?rest_route=%2Fwp%2Fv2%2Fcomments&post=46979"}],"version-history":[{"count":2,"href":"https:\/\/obegef.pt\/wordpress\/index.php?rest_route=\/wp\/v2\/posts\/46979\/revisions"}],"predecessor-version":[{"id":46984,"href":"https:\/\/obegef.pt\/wordpress\/index.php?rest_route=\/wp\/v2\/posts\/46979\/revisions\/46984"}],"wp:attachment":[{"href":"https:\/\/obegef.pt\/wordpress\/index.php?rest_route=%2Fwp%2Fv2%2Fmedia&parent=46979"}],"wp:term":[{"taxonomy":"category","embeddable":true,"href":"https:\/\/obegef.pt\/wordpress\/index.php?rest_route=%2Fwp%2Fv2%2Fcategories&post=46979"},{"taxonomy":"post_tag","embeddable":true,"href":"https:\/\/obegef.pt\/wordpress\/index.php?rest_route=%2Fwp%2Fv2%2Ftags&post=46979"}],"curies":[{"name":"wp","href":"https:\/\/api.w.org\/{rel}","templated":true}]}}