{"id":35348,"date":"2018-03-17T12:26:29","date_gmt":"2018-03-17T12:26:29","guid":{"rendered":"http:\/\/obegef.pt\/wordpress\/?p=35348"},"modified":"2018-03-17T12:26:29","modified_gmt":"2018-03-17T12:26:29","slug":"noticias-mais-relevantes-sobre-a-fraude-publicadas-na-imprensa-durante-a-semana-187-2-2-2-2-2","status":"publish","type":"post","link":"https:\/\/obegef.pt\/wordpress\/?p=35348","title":{"rendered":"Not\u00edcias mais relevantes sobre a fraude publicadas na imprensa durante a semana"},"content":{"rendered":"<table class=\"rssdog\" cellpadding=\"3\">\n<tbody>\n<tr>\n<td class=\"rssdog\"><b><a class=\"rssdog\" href=\"http:\/\/www.mynetpress.com\/pdf\/2018\/marco\/2018031748ab62.pdf\" target=\"_blank\" rel=\"noopener\">20 milh\u00f5es de extras exigidos em barragem<\/a><\/b><\/td>\n<\/tr>\n<tr>\n<td class=\"rssdog\"><i>Sat, 17 Mar 2018 00:00:00 GMT<\/i><br \/>\nCONSTRU\u00c7\u00c3O<\/p>\n<p>20 milh\u00f5es de extras exigidos em barragem<\/p>\n<p>EMPRESAS - Lena e Odebrecht ter\u00e3o negociado com Ant\u00f3nio Mexia o pagamento extraordin\u00e1rio<\/p>\n<p>SUBIDA - Custo da barragem do Baixo Sabor disparou 55 por cento para os 760 milh\u00f5es de euros<\/p>\n<p>RAQUEL OLIVEIRA<\/p>\n<p>A EDP pagou o ano passado quase 20 milh\u00f5es de euros \u00e0s construtoras Lena e Odebrecht, alegadamente sem justifica\u00e7\u00e3o. O pagamento ter\u00e1 sido acordado com o presidente da el\u00e9trica,...<\/td>\n<\/tr>\n<\/tbody>\n<\/table>\n<p><!--more--><\/p>\n<table class=\"rssdog\" cellpadding=\"3\">\n<tbody>\n<tr>\n<td class=\"rssdog\"><b><a class=\"rssdog\" href=\"http:\/\/www.mynetpress.com\/pdf\/2018\/marco\/2018031448a30d.pdf\" target=\"_blank\" rel=\"noopener\">Carlos Alexandre arrasa turismo judici\u00e1rio do MP<\/a><\/b><\/td>\n<\/tr>\n<tr>\n<td class=\"rssdog\"><i>Wed, 14 Mar 2018 00:00:00 GMT<\/i><\/p>\n<p>Carlos Alexandre arrasa turismo judici\u00e1rio do MP<\/p>\n<p>DEPOIMENTO O Juiz que prendeu S\u00f3crates dispara para todo o lado e fala dos quadros que foram oferecidos a magistrados que se deslumbraram com a vida em Angola ACUSA\u00c7\u00c3O \u00a9 Diz que tem a certeza de que foi Carlos Silva quem contratou<\/p>\n<p>T\u00c2NIA LARANJO<\/p>\n<p>Um Carlos Alexandre assertivo, mordaz e com um discurso pautado pela ironia. Foi assim que dep\u00f4s em tribunal durante v\u00e1rias horas, no \u00e2mbito do...<\/td>\n<\/tr>\n<\/tbody>\n<\/table>\n<p>&nbsp;<\/p>\n<table class=\"rssdog\" cellpadding=\"3\">\n<tbody>\n<tr>\n<td class=\"rssdog\"><b><a class=\"rssdog\" href=\"https:\/\/www.noticiasaominuto.com\/pais\/974019\/eu-nao-fiz-nem-farei-lobi-junto-de-responsaveis-da-uniao-europeia\" target=\"_blank\" rel=\"noopener\">\"Eu n\u00e3o fiz nem farei l\u00f3bi junto de respons\u00e1veis da Uni\u00e3o Europeia\"<\/a><\/b><\/td>\n<\/tr>\n<tr>\n<td class=\"rssdog\"><i>Thu, 15 Mar 2018 00:00:00 GMT<\/i><br \/>\n\"Eu n\u00e3o fiz nem farei l\u00f3bi junto de respons\u00e1veis da Uni\u00e3o Europeia\"<\/p>\n<p>O ex-presidente da Comiss\u00e3o Europeia Jos\u00e9 Manuel Dur\u00e3o Barroso manifestou hoje \"grande surpresa e grave preocupa\u00e7\u00e3o\" com as recomenda\u00e7\u00f5es da Provedora de Justi\u00e7a Europeia, Emily O'Reilly, classificando-as como \"um ataque pol\u00edtico pessoal pouco velado\".<br \/>\n\"E u n\u00e3o fiz nem farei l\u00f3bi junto de respons\u00e1veis da Uni\u00e3o Europeia\", escreveu Jos\u00e9 Manuel Dur\u00e3o Barroso numa mensagem em ingl\u00eas publicada...<\/td>\n<\/tr>\n<\/tbody>\n<\/table>\n<p>&nbsp;<\/p>\n<table class=\"rssdog\" cellpadding=\"3\">\n<tbody>\n<tr>\n<td class=\"rssdog\"><b><a class=\"rssdog\" href=\"http:\/\/www.mynetpress.com\/pdf\/2018\/marco\/2018031648a859.pdf\" target=\"_blank\" rel=\"noopener\">Notas sobre o resgate a mutualista Montepio<\/a><\/b><\/td>\n<\/tr>\n<tr>\n<td class=\"rssdog\"><i>Fri, 16 Mar 2018 00:00:00 GMT<\/i><br \/>\nNotas sobre o resgate a mutualista Montepio<\/p>\n<p>BRUNO FARIA LOPES<\/p>\n<p>Jornalista da revista S\u00e1bado<\/p>\n<p>A cosm\u00e9tica em curso, avalizada pelo Governo, n\u00e3o resolve o problema financeiro e reputacional da associa\u00e7\u00e3o.<\/p>\n<p>A Associa\u00e7\u00e3o Mutualista Montepio Geral, a dona do banco Montepio, apresenta contas quando quer. S\u00f3 apresentou as contas consolidadas (negativas) de 2015 em Mar\u00e7o de 2017 - n\u00e3o porque a lei o permitisse, mas porque a equipa de Tom\u00e1s Correia...<\/td>\n<\/tr>\n<\/tbody>\n<\/table>\n<p>&nbsp;<\/p>\n<table class=\"rssdog\" cellpadding=\"3\">\n<tbody>\n<tr>\n<td class=\"rssdog\"><b><a class=\"rssdog\" href=\"http:\/\/www.mynetpress.com\/pdf\/2018\/marco\/2018031648a789.pdf\" target=\"_blank\" rel=\"noopener\">Ju\u00edza aponta corrup\u00e7\u00e3o \"no interesse da Benfica SAD\"<\/a><\/b><\/td>\n<\/tr>\n<tr>\n<td class=\"rssdog\"><i>Fri, 16 Mar 2018 00:00:00 GMT<\/i><br \/>\nJu\u00edza aponta corrup\u00e7\u00e3o \"no interesse da Benfica SAD\"<\/p>\n<p>T\u00c2NIA LARANJO\/ HENRIQUE MACHADO<\/p>\n<p>A ju\u00edza de instru\u00e7\u00e3o criminal do processo E-Toupeira validou os fortes ind\u00edcios do crime de corrup\u00e7\u00e3o que apontam para Paulo Gon\u00e7alves, diretor jur\u00eddico do Benfica, e para Jos\u00e9 Augusto Silva, funcion\u00e1rio judicial, agora em pris\u00e3o preventiva, que fez centenas de pesquisas inform\u00e1ticas para dar conhecimento ao primeiro sobre o andamento do processo dos mails. Concorda com o...<\/td>\n<\/tr>\n<\/tbody>\n<\/table>\n<p>&nbsp;<\/p>\n<table class=\"rssdog\" cellpadding=\"3\">\n<tbody>\n<tr>\n<td class=\"rssdog\"><b><a class=\"rssdog\" href=\"http:\/\/expresso.sapo.pt\/economia\/2018-03-15-Vamos-falar-de-offshores-\" target=\"_blank\" rel=\"noopener\">Vamos falar de offshores?<\/a><\/b><\/td>\n<\/tr>\n<tr>\n<td class=\"rssdog\"><i>Thu, 15 Mar 2018 00:00:00 GMT<\/i><br \/>\nVamos falar de offshores?<\/p>\n<p>O que \u00e9 um offshore? Para que serve? Depois de tantas declara\u00e7\u00f5es pol\u00edticas, como se explica que eles continuem a existir? A realidade difusa das sociedades offshore, que abrem e fecham com uma rapidez que nem sempre as administra\u00e7\u00f5es fiscais conseguem acompanhar, est\u00e1 hoje no centro das preocupa\u00e7\u00f5es dos decisores pol\u00edticos europeus.<\/p>\n<p>Caracterizar este universo \u00e9 uma miss\u00e3o espinhosa. Mas o economista Carlos Pimenta, professor...<\/td>\n<\/tr>\n<\/tbody>\n<\/table>\n","protected":false},"excerpt":{"rendered":"<p>20 milh\u00f5es de extras exigidos em barragem Sat, 17 Mar 2018 00:00:00 GMT CONSTRU\u00c7\u00c3O 20 milh\u00f5es de extras exigidos em barragem EMPRESAS &#8211; Lena e Odebrecht ter\u00e3o negociado com Ant\u00f3nio Mexia o pagamento extraordin\u00e1rio SUBIDA &#8211; Custo da barragem do Baixo Sabor disparou 55 por cento para os 760 milh\u00f5es de euros RAQUEL OLIVEIRA A&hellip; <a href=\"https:\/\/obegef.pt\/wordpress\/?p=35348\">Ler mais&#8230;<\/a><\/p>\n","protected":false},"author":67,"featured_media":0,"comment_status":"closed","ping_status":"closed","sticky":false,"template":"","format":"standard","meta":{"_bbp_topic_count":0,"_bbp_reply_count":0,"_bbp_total_topic_count":0,"_bbp_total_reply_count":0,"_bbp_voice_count":0,"_bbp_anonymous_reply_count":0,"_bbp_topic_count_hidden":0,"_bbp_reply_count_hidden":0,"_bbp_forum_subforum_count":0,"_exactmetrics_skip_tracking":false,"_exactmetrics_sitenote_active":false,"_exactmetrics_sitenote_note":"","_exactmetrics_sitenote_category":0,"footnotes":""},"categories":[107],"tags":[],"class_list":["post-35348","post","type-post","status-publish","format-standard","hentry","category-divulgadas-nl"],"_links":{"self":[{"href":"https:\/\/obegef.pt\/wordpress\/index.php?rest_route=\/wp\/v2\/posts\/35348","targetHints":{"allow":["GET"]}}],"collection":[{"href":"https:\/\/obegef.pt\/wordpress\/index.php?rest_route=\/wp\/v2\/posts"}],"about":[{"href":"https:\/\/obegef.pt\/wordpress\/index.php?rest_route=\/wp\/v2\/types\/post"}],"author":[{"embeddable":true,"href":"https:\/\/obegef.pt\/wordpress\/index.php?rest_route=\/wp\/v2\/users\/67"}],"replies":[{"embeddable":true,"href":"https:\/\/obegef.pt\/wordpress\/index.php?rest_route=%2Fwp%2Fv2%2Fcomments&post=35348"}],"version-history":[{"count":1,"href":"https:\/\/obegef.pt\/wordpress\/index.php?rest_route=\/wp\/v2\/posts\/35348\/revisions"}],"predecessor-version":[{"id":35349,"href":"https:\/\/obegef.pt\/wordpress\/index.php?rest_route=\/wp\/v2\/posts\/35348\/revisions\/35349"}],"wp:attachment":[{"href":"https:\/\/obegef.pt\/wordpress\/index.php?rest_route=%2Fwp%2Fv2%2Fmedia&parent=35348"}],"wp:term":[{"taxonomy":"category","embeddable":true,"href":"https:\/\/obegef.pt\/wordpress\/index.php?rest_route=%2Fwp%2Fv2%2Fcategories&post=35348"},{"taxonomy":"post_tag","embeddable":true,"href":"https:\/\/obegef.pt\/wordpress\/index.php?rest_route=%2Fwp%2Fv2%2Ftags&post=35348"}],"curies":[{"name":"wp","href":"https:\/\/api.w.org\/{rel}","templated":true}]}}