{"id":30737,"date":"2017-04-20T22:39:54","date_gmt":"2017-04-20T22:39:54","guid":{"rendered":"http:\/\/obegef.pt\/wordpress\/?p=30737"},"modified":"2017-04-20T22:41:16","modified_gmt":"2017-04-20T22:41:16","slug":"o-diario","status":"publish","type":"post","link":"https:\/\/obegef.pt\/wordpress\/?p=30737","title":{"rendered":"O Di\u00e1rio"},"content":{"rendered":"<p style=\"text-align: left;\"><span style=\"color: #d8070f;\"><strong>Henrique Santos, Vis\u00e3o online<\/strong><\/span>,<\/p>\n<p style=\"text-align: left;\"><a href=\"http:\/\/visao.sapo.pt\/opiniao\/silnciodafraude\/2017-04-20-O-Diario\" target=\"_blank\"><img loading=\"lazy\" decoding=\"async\" class=\" wp-image-19 alignleft\" title=\"Liga\u00e7\u00e3o \u00e0 Publica\u00e7\u00e3o\" src=\"http:\/\/obegef.pt\/wordpress\/wp-content\/uploads\/2009\/01\/go2.png\" alt=\"\" width=\"16\" height=\"16\" \/><\/a><a href=\"http:\/\/visao.sapo.pt\/opiniao\/silnciodafraude\/2016-03-03-Carta-Aberta-a-Ordem-dos-Advogados\" target=\"_blank\">\u00a0<\/a><a href=\"http:\/\/obegef.pt\/wordpress\/wp-content\/uploads\/2017\/04\/VisaoE431.pdf\" target=\"_blank\"><img loading=\"lazy\" decoding=\"async\" class=\"alignleft wp-image-2032\" title=\"Ficheiro PDF\" src=\"http:\/\/obegef.pt\/wordpress\/wp-content\/uploads\/2013\/05\/pdf_button.png\" alt=\"\" width=\"14\" height=\"14\" \/><\/a><\/p>\n<div>\n<p><em>\u201cOs afilhados andavam felizes, devem ter recebido uma notinha dos padrinhos<\/em><\/p>\n<\/div>\n<div>\n<p><!--more--><\/p>\n<p>Meu caro Di\u00e1rio,<\/p>\n<p>Passei o Domingo de P\u00e1scoa inteiramente dedicado \u00e0 fam\u00edlia e a Deus, na esperan\u00e7a que, quando escrevesse esta cr\u00f3nica, finalmente n\u00e3o tivesse motivo para escrever sobre a Fraude.<\/p>\n<p>Fiz de prop\u00f3sito, para testar o poder que a fraude tinha sobre mim e sobre o meu dia.<\/p>\n<p>No momento que estou a escrever, j\u00e1 passa das zero horas do dia 17 de abril de 2017.<\/p>\n<p>No dia de P\u00e1scoa n\u00e3o vi televis\u00e3o, n\u00e3o li jornais e n\u00e3o consultei a Internet como \u00e9 h\u00e1bito fazer. Absolutamente nenhuma fonte de informa\u00e7\u00e3o.<\/p>\n<p>No in\u00edcio n\u00e3o adiantou! L\u00e1 andava ela a martelar-me a cabe\u00e7a, a maldita Fraude. Para onde olhava l\u00e1 estava ela, parece que me sorria a todo o instante. Danada!<\/p>\n<p>Voltei a fazer \u201corelhas moucas\u201d. Desliguei por completo. Vou conseguir, pensei.<\/p>\n<p>Fui bem cedo \u00e0 missa dominical. \u00c0 sa\u00edda, os volunt\u00e1rios que haviam de levar o Senhor at\u00e9 n\u00f3s, j\u00e1 se encontravam reunidos.<\/p>\n<p>Voltei de carro a casa, de onde n\u00e3o haveria mais de sair durante o dia, dado que tive a sorte de ser a maioria da fam\u00edlia que havia de se juntar a n\u00f3s.<\/p>\n<p>Comecei por ajudar na prepara\u00e7\u00e3o da rece\u00e7\u00e3o \u00e0 fam\u00edlia e ao Senhor (este s\u00f3 haveria de chegar ao fim da tarde, como era h\u00e1bito). Todos os que ajudaram eram da fam\u00edlia e n\u00e3o houve ajuda externa de qualquer \u201cempregado\u201d.<\/p>\n<p>A az\u00e1fama (muito agrad\u00e1vel, note-se) estava instalada. Foi o meu Pai que comprou o cabrito no talho, e tamb\u00e9m o assou (se o quis comer), o leit\u00e3o simplesmente apareceu, sei eu l\u00e1 de onde (foi uma tia que o trouxe, mas acho que foi oferecido por outro). A minha prima apareceu com quatro garrafas de vinho e um bolo caseiro de laranja, outra tia com mais um p\u00e3o-de-l\u00f3 (isto sem contar com os que j\u00e1 t\u00ednhamos em casa). Pode dizer-se mesmo que houve uma invas\u00e3o de p\u00e3o-de-l\u00f3 l\u00e1 por casa. A \u00e1gua da nascente l\u00e1 da aldeia tamb\u00e9m n\u00e3o faltou.<\/p>\n<p>Tamb\u00e9m fizemos ovos recheados. Os ovos foram comprados no mercado municipal, assim como alguma hortali\u00e7a e fruta. As batatas, essas, eram da horta dos meus pais.<\/p>\n<p>No que ao chocolate diz respeito, at\u00e9 uns ovos da P\u00e1scoa chegaram, trazidos na bagagem do avi\u00e3o de um pa\u00eds sul americano. Impens\u00e1vel, chegarem direitinhos sem se partirem ou deteriorarem. Eu tamb\u00e9m comprei ovos de chocolate para oferecer (mas comprei-os c\u00e1).<\/p>\n<p>A nossa vizinha veio pedir-nos laranjas que precisava para juntar ao alecrim como era h\u00e1bito na visita pascal. Outra vizinha foi brindada com um bolo preparado pela minha m\u00e3e. Esta aproveitou para falar da viagem de finalistas do filho, e que este havia regressado na quarta-feira (nem imaginam o que esta lhe contou, desde a organiza\u00e7\u00e3o da ag\u00eancia de viagem, passando pela estadia no hotel e terminando no regresso a casa).<\/p>\n<p>Os afilhados andavam felizes, devem ter recebido uma notinha dos padrinhos.<\/p>\n<p>A acompanhar o caf\u00e9, o vinho do Porto do Pai de um meu amigo (tamb\u00e9m presente), e a aguardente que outro familiar havia oferecido, foram a cereja no topo do bolo. J\u00e1 sabes como s\u00e3o estas bebidas, n\u00e3o sabes?<\/p>\n<p>\u00c0 mesa os assuntos eram diversos e discutidos com anima\u00e7\u00e3o. Os mais novos falavam de computadores, de acessos a aplica\u00e7\u00f5es via internet com IP espanhol (n\u00f3s passamos a P\u00e1scoa em Portugal), e assuntos deste g\u00e9nero. Os mais velhos falavam dos novos \u201cpacotes\u201d de telefone com tudo inclu\u00eddo (mas que s\u00f3 usam telefone e TV), das oficinas de autom\u00f3veis mais em conta, das novas notas de 50 euros que entraram em circula\u00e7\u00e3o e por a\u00ed fora. Havia ainda uma franja de comensais que, sendo professores em diferentes pa\u00edses e, inclusive, em continentes distintos, discutiam quest\u00f5es de conte\u00fados program\u00e1ticos, quem os definia, quais os tempos letivos a eles dedicados, e por a\u00ed adiante.<\/p>\n<p>Nem te conto o que aconteceu no lanche e jantar do dia de P\u00e1scoa, mas j\u00e1 deves imaginar que a festa continuou. Sabes como \u00e9 esta fam\u00edlia, n\u00e3o sabes? O pior mesmo foi quando parte da fam\u00edlia teve de regressar a casa. Ficou a esperan\u00e7a de um r\u00e1pido regresso.<\/p>\n<p>Meu querido di\u00e1rio, acho que consegui passar um dia sem fraude. Amanh\u00e3 atualizo-me com as not\u00edcias vindas a p\u00fablico e depois conto-te tudo.<\/p>\n<p>Penso que sobrevivi...<\/p>\n<p>Antes de me despedir de ti, li o que escrevi. Fiz mal, acho que ela voltou. Ressuscitei!<\/p>\n<\/div>\n","protected":false},"excerpt":{"rendered":"<p>Henrique Santos, Vis\u00e3o online, \u00a0 \u201cOs afilhados andavam felizes, devem ter recebido uma notinha dos padrinhos<\/p>\n","protected":false},"author":1,"featured_media":0,"comment_status":"closed","ping_status":"closed","sticky":false,"template":"","format":"standard","meta":{"_bbp_topic_count":0,"_bbp_reply_count":0,"_bbp_total_topic_count":0,"_bbp_total_reply_count":0,"_bbp_voice_count":0,"_bbp_anonymous_reply_count":0,"_bbp_topic_count_hidden":0,"_bbp_reply_count_hidden":0,"_bbp_forum_subforum_count":0,"_exactmetrics_skip_tracking":false,"_exactmetrics_sitenote_active":false,"_exactmetrics_sitenote_note":"","_exactmetrics_sitenote_category":0,"footnotes":""},"categories":[72,123],"tags":[],"class_list":["post-30737","post","type-post","status-publish","format-standard","hentry","category-cronicas","category-visao-online"],"_links":{"self":[{"href":"https:\/\/obegef.pt\/wordpress\/index.php?rest_route=\/wp\/v2\/posts\/30737","targetHints":{"allow":["GET"]}}],"collection":[{"href":"https:\/\/obegef.pt\/wordpress\/index.php?rest_route=\/wp\/v2\/posts"}],"about":[{"href":"https:\/\/obegef.pt\/wordpress\/index.php?rest_route=\/wp\/v2\/types\/post"}],"author":[{"embeddable":true,"href":"https:\/\/obegef.pt\/wordpress\/index.php?rest_route=\/wp\/v2\/users\/1"}],"replies":[{"embeddable":true,"href":"https:\/\/obegef.pt\/wordpress\/index.php?rest_route=%2Fwp%2Fv2%2Fcomments&post=30737"}],"version-history":[{"count":2,"href":"https:\/\/obegef.pt\/wordpress\/index.php?rest_route=\/wp\/v2\/posts\/30737\/revisions"}],"predecessor-version":[{"id":30739,"href":"https:\/\/obegef.pt\/wordpress\/index.php?rest_route=\/wp\/v2\/posts\/30737\/revisions\/30739"}],"wp:attachment":[{"href":"https:\/\/obegef.pt\/wordpress\/index.php?rest_route=%2Fwp%2Fv2%2Fmedia&parent=30737"}],"wp:term":[{"taxonomy":"category","embeddable":true,"href":"https:\/\/obegef.pt\/wordpress\/index.php?rest_route=%2Fwp%2Fv2%2Fcategories&post=30737"},{"taxonomy":"post_tag","embeddable":true,"href":"https:\/\/obegef.pt\/wordpress\/index.php?rest_route=%2Fwp%2Fv2%2Ftags&post=30737"}],"curies":[{"name":"wp","href":"https:\/\/api.w.org\/{rel}","templated":true}]}}