{"id":295,"date":"2011-06-14T20:03:33","date_gmt":"2011-06-14T20:03:33","guid":{"rendered":"http:\/\/obegef.pt\/wordpress\/?p=295"},"modified":"2013-12-11T21:36:19","modified_gmt":"2013-12-11T21:36:19","slug":"antonio-marcos-ferreira-calado","status":"publish","type":"post","link":"https:\/\/obegef.pt\/wordpress\/?p=295","title":{"rendered":"Ant\u00f3nio Marcos Ferreira Calado"},"content":{"rendered":"<p><!--more--><\/p>\n<table width=\"100%\" border=\"0\" cellspacing=\"5\" cellpadding=\"5\" align=\"center\">\n<tbody>\n<tr>\n<td colspan=\"2\" align=\"left\"><img loading=\"lazy\" decoding=\"async\" class=\"alignleft  wp-image-4564\" alt=\"nopic\" src=\"http:\/\/obegef.pt\/wordpress\/wp-content\/uploads\/2011\/06\/nopic.jpg\" width=\"80\" height=\"120\" \/><\/td>\n<\/tr>\n<tr>\n<td colspan=\"2\"><strong>E-mail:<\/strong>\u00a0acalado@fd.uc.pt \/\u00a0acalado@hotmail.com<\/td>\n<\/tr>\n<tr>\n<td style=\"text-align: justify;\" align=\"left\" valign=\"top\" width=\"50%\"><img loading=\"lazy\" decoding=\"async\" alt=\"texto em portugu\ufffds\" src=\"http:\/\/obegef.pt\/wordpress\/wp-content\/uploads\/2009\/01\/pt.jpg\" width=\"24\" height=\"24\" align=\"bottom\" border=\"0\" hspace=\"5\" \/><strong>Actividade actual:\u00a0<\/strong><\/p>\n<ul>\n<li>Inspector da PJ<\/li>\n<\/ul>\n<p><strong>\u00c1reas de interesse:<\/strong><\/p>\n<ul>\n<li><span style=\"line-height: 1.25rem;\">Direito Penal<\/span><\/li>\n<li><span style=\"line-height: 1.25rem;\">Direito Processual Penal<\/span><\/li>\n<li><span style=\"line-height: 1.25rem;\">Investiga\u00e7\u00e3o Criminal<\/span><\/li>\n<\/ul>\n<p><strong>Experi\u00eancia profissional\/<\/strong><strong>Certifica\u00e7\u00f5es:<\/strong><\/p>\n<p>Autor de Livros:<\/p>\n<ul>\n<li>Legalidade e Oportunidade na Investiga\u00e7\u00e3o Criminal (2009), Coimbra Editora;<\/li>\n<li>Sistema Prisional \u2013 Garante de Direitos Fundamentais (2008), \u00a0\u00a0Tratado Luso-Brasileiro da Dignidade Humana, Coordena\u00e7\u00e3o Jorge Miranda e Marques da Silva, Quartier Latin, p. 701-715;<\/li>\n<li>Inviolabilidade do Domic\u00edlio e a Criminalidade Organizada (2007), \u00a0<i>in<\/i> Boletim da Faculdade de Direito da Universidade de Coimbra, Volume 83, Coimbra Editora, p. 839-865;<\/li>\n<li><span style=\"line-height: 1.25rem;\">Sigilo Fiscal \u2013 Especificidades Processuais Penais (2006), <\/span><i style=\"line-height: 1.25rem;\">in<\/i><span style=\"line-height: 1.25rem;\"> Pol\u00edcia e Justi\u00e7a, III s\u00e9rie, n.\u00ba 8, Coimbra Editora, p. 215-247.<\/span><\/li>\n<\/ul>\n<\/td>\n<td style=\"text-align: justify;\" align=\"left\" valign=\"top\" width=\"50%\"><img loading=\"lazy\" decoding=\"async\" alt=\"Texto em ingl\ufffds\" src=\"http:\/\/obegef.pt\/wordpress\/wp-content\/uploads\/2009\/01\/en.jpg\" width=\"25\" height=\"25\" align=\"bottom\" border=\"0\" hspace=\"5\" \/><b>Activity:<\/b><\/p>\n<ul>\n<li>PJ Inspector<\/li>\n<\/ul>\n<p><b>Interest areas:<\/b><\/p>\n<ul>\n<li>Criminal Law<\/li>\n<li>Criminal Procedural Law<\/li>\n<li><span style=\"line-height: 1.25rem;\">Criminal Investigation<\/span><\/li>\n<\/ul>\n<p><b style=\"line-height: 1.125rem;\">Professional Experience\/<\/b><b>Certifications:<\/b><\/p>\n<p><b><\/b>Book Author<\/p>\n<ul>\n<li>Legalidade e Oportunidade na Investiga\u00e7\u00e3o Criminal (2009), Coimbra Editora;<\/li>\n<li>Sistema Prisional \u2013 Garante de Direitos Fundamentais (2008), \u00a0\u00a0Tratado Luso-Brasileiro da Dignidade Humana, Coordena\u00e7\u00e3o Jorge Miranda e Marques da Silva, Quartier Latin, p. 701-715;<\/li>\n<li>Inviolabilidade do Domic\u00edlio e a Criminalidade Organizada (2007), \u00a0<i>in<\/i>\u00a0Boletim da Faculdade de Direito da Universidade de Coimbra, Volume 83, Coimbra Editora, p. 839-865;<\/li>\n<li>Sigilo Fiscal \u2013 Especificidades Processuais Penais (2006),\u00a0<i>in<\/i>\u00a0Pol\u00edcia e Justi\u00e7a, III s\u00e9rie, n.\u00ba 8, Coimbra Editora, p. 215-247.<\/li>\n<\/ul>\n<\/td>\n<\/tr>\n<\/tbody>\n<tbody>\n<tr>\n<td colspan=\"2\"><strong>Curriculum Vitae<\/strong><\/td>\n<\/tr>\n<tr>\n<td style=\"text-align: justify;\" align=\"left\" valign=\"top\" width=\"50%\">\n<div>Vers\u00e3o Portuguesa (N\u00e3o dispon\u00edvel)<\/div>\n<\/td>\n<td style=\"text-align: justify;\" align=\"left\" valign=\"top\" width=\"50%\">English Version (Not available)<\/td>\n<\/tr>\n<\/tbody>\n<\/table>\n<p>&nbsp;<\/p>\n","protected":false},"excerpt":{"rendered":"","protected":false},"author":33,"featured_media":0,"comment_status":"closed","ping_status":"closed","sticky":false,"template":"","format":"standard","meta":{"_bbp_topic_count":0,"_bbp_reply_count":0,"_bbp_total_topic_count":0,"_bbp_total_reply_count":0,"_bbp_voice_count":0,"_bbp_anonymous_reply_count":0,"_bbp_topic_count_hidden":0,"_bbp_reply_count_hidden":0,"_bbp_forum_subforum_count":0,"_exactmetrics_skip_tracking":false,"_exactmetrics_sitenote_active":false,"_exactmetrics_sitenote_note":"","_exactmetrics_sitenote_category":0,"footnotes":""},"categories":[53],"tags":[],"class_list":["post-295","post","type-post","status-publish","format-standard","hentry","category-socios"],"_links":{"self":[{"href":"https:\/\/obegef.pt\/wordpress\/index.php?rest_route=\/wp\/v2\/posts\/295","targetHints":{"allow":["GET"]}}],"collection":[{"href":"https:\/\/obegef.pt\/wordpress\/index.php?rest_route=\/wp\/v2\/posts"}],"about":[{"href":"https:\/\/obegef.pt\/wordpress\/index.php?rest_route=\/wp\/v2\/types\/post"}],"author":[{"embeddable":true,"href":"https:\/\/obegef.pt\/wordpress\/index.php?rest_route=\/wp\/v2\/users\/33"}],"replies":[{"embeddable":true,"href":"https:\/\/obegef.pt\/wordpress\/index.php?rest_route=%2Fwp%2Fv2%2Fcomments&post=295"}],"version-history":[{"count":11,"href":"https:\/\/obegef.pt\/wordpress\/index.php?rest_route=\/wp\/v2\/posts\/295\/revisions"}],"predecessor-version":[{"id":6883,"href":"https:\/\/obegef.pt\/wordpress\/index.php?rest_route=\/wp\/v2\/posts\/295\/revisions\/6883"}],"wp:attachment":[{"href":"https:\/\/obegef.pt\/wordpress\/index.php?rest_route=%2Fwp%2Fv2%2Fmedia&parent=295"}],"wp:term":[{"taxonomy":"category","embeddable":true,"href":"https:\/\/obegef.pt\/wordpress\/index.php?rest_route=%2Fwp%2Fv2%2Fcategories&post=295"},{"taxonomy":"post_tag","embeddable":true,"href":"https:\/\/obegef.pt\/wordpress\/index.php?rest_route=%2Fwp%2Fv2%2Ftags&post=295"}],"curies":[{"name":"wp","href":"https:\/\/api.w.org\/{rel}","templated":true}]}}