{"id":26618,"date":"2016-05-27T08:26:47","date_gmt":"2016-05-27T08:26:47","guid":{"rendered":"http:\/\/obegef.pt\/wordpress\/?p=26618"},"modified":"2016-05-27T09:14:56","modified_gmt":"2016-05-27T09:14:56","slug":"etica-e-gestao-publica-o-problema-da-corrupcao","status":"publish","type":"post","link":"https:\/\/obegef.pt\/wordpress\/?p=26618","title":{"rendered":"\u00c9tica e Gest\u00e3o P\u00fablica &#8211; o problema da corrup\u00e7\u00e3o"},"content":{"rendered":"<p style=\"text-align: left;\"><span style=\"color: #d8070f;\"><strong>Ant\u00f3nio Jo\u00e3o Maia, Jornal i Online<\/strong><\/span>,<\/p>\n<p style=\"text-align: left;\"><a href=\"http:\/\/ionline.sapo.pt\/511573?source=social\" target=\"_blank\"><img loading=\"lazy\" decoding=\"async\" class=\" wp-image-19 alignleft\" title=\"Liga\u00e7\u00e3o \u00e0 Publica\u00e7\u00e3o\" src=\"http:\/\/obegef.pt\/wordpress\/wp-content\/uploads\/2009\/01\/go2.png\" alt=\"\" width=\"16\" height=\"16\" \/><\/a><a href=\"http:\/\/obegef.pt\/wordpress\/wp-content\/uploads\/2016\/05\/Ji017.pdf\" target=\"_blank\"><img loading=\"lazy\" decoding=\"async\" class=\"alignleft wp-image-2032\" title=\"Ficheiro PDF\" src=\"http:\/\/obegef.pt\/wordpress\/wp-content\/uploads\/2013\/05\/pdf_button.png\" alt=\"\" width=\"14\" height=\"14\" \/><\/a><\/p>\n<p>A Gest\u00e3o P\u00fablica s\u00f3 adquire sentido e torna-se potencialmente coerente e eficaz se ela pr\u00f3pria garantir os pressupostos da \u00c9tica e traduzir os Valores que se querem salvaguardar<\/p>\n<p>...<\/p>\n<div>\n<p><span style=\"font-size: 0.75rem; line-height: 1.25rem;\"><!--more--><\/span><\/p>\n<p>Como vimos aqui neste espa\u00e7o h\u00e1 algumas semanas, em <a href=\"http:\/\/ionline.sapo.pt\/500681\">\u00c9tica, Conduta, Integridade e Integra\u00e7\u00e3o e Coes\u00e3o Social<\/a> (cr\u00f3nica de 16 de mar\u00e7o), as quest\u00f5es da \u00c9tica e dos Valores partilhados e vivenciados em grupo s\u00e3o fatores centrais, de import\u00e2ncia determinante, para a manuten\u00e7\u00e3o da estabilidade e da coes\u00e3o do pr\u00f3prio grupo. S\u00e3o uma esp\u00e9cie de cimento que enquadra e contextualiza as rela\u00e7\u00f5es interpessoais que os membros do grupo v\u00e3o estabelecendo permanentemente entre si.<\/p>\n<p>Por outro lado, a agrega\u00e7\u00e3o dos indiv\u00edduos e a estabiliza\u00e7\u00e3o dos grupos humanos \u00e9 um processo que decorre da necessidade de alcan\u00e7ar interesses e prop\u00f3sitos de todos. O alcance desses prop\u00f3sitos torna-se mais f\u00e1cil se resultar do esfor\u00e7o e do envolvimento de todos. O todo \u00e9 mais forte do que de cada uma das partes isoladamente!<\/p>\n<p>A procura e a manuten\u00e7\u00e3o da seguran\u00e7a, a produ\u00e7\u00e3o e distribui\u00e7\u00e3o de alimentos ou a defesa face a amea\u00e7as externas, s\u00e3o alguns exemplos muitos simples e ancestrais que permitem perceber que em grupo tem sido mais f\u00e1cil procurar solu\u00e7\u00f5es que aumentem os \u00edndices de prote\u00e7\u00e3o de cada indiv\u00edduo, particularmente daqueles que s\u00e3o mais fr\u00e1geis, que se encontram mais debilitados ou mais desprotegidos, dos juvenis e tamb\u00e9m dos mais idosos.<\/p>\n<p>Toda a evolu\u00e7\u00e3o das sociedades humanas at\u00e9 aos nossos dias tem sido um complexificar de um conjunto b\u00e1sico de interesses coletivos. Um processo que tem permitido incrementar de modo exponencial os padr\u00f5es e os \u00edndices m\u00e9dios de qualidade de vida dos sujeitos, das popula\u00e7\u00f5es e das sociedades.<\/p>\n<p>A partir de um certo patamar de desenvolvimento social e cultural acabou por se revelar necess\u00e1ria a cria\u00e7\u00e3o de uma esp\u00e9cie de entidade suprema, por todos reconhecida, com a fun\u00e7\u00e3o de assegurar a salvaguarda desse conjunto de interesses coletivos. Se num primeiro momento esta fun\u00e7\u00e3o foi assegurada pelas religi\u00f5es, ela acabou por se transferir gradualmente para o Estado. O Estado \u00e9, por assim dizer, e para l\u00e1 de outras fun\u00e7\u00f5es de grande import\u00e2ncia que lhe s\u00e3o reconhecidas, o guardi\u00e3o dos interesses coletivos de uma sociedade, incluindo naturalmente as quest\u00f5es da \u00c9tica e da salvaguarda dos Valores socialmente estabelecidos.<\/p>\n<p>E a Gest\u00e3o P\u00fablica \u00e9, neste contexto, o mecanismo que as sociedades encontraram para assegurar a manuten\u00e7\u00e3o e o aprofundamento das fun\u00e7\u00f5es do Estado. Atrav\u00e9s de processos pol\u00edticos mais ou menos complexos, as sociedades encontram formas de seleccionar (por escolha, no caso dos modelos de base democr\u00e1tica, ou por imposi\u00e7\u00e3o for\u00e7ada, para os regimes de recorte mais totalit\u00e1rio e extremista) as lideran\u00e7as de governa\u00e7\u00e3o dos destinos do Estado. E as estruturas da denominada Administra\u00e7\u00e3o P\u00fablica operacionalizam os caminhos delineados pelos Governos. O Governo estabelece as Pol\u00edticas P\u00fablicas que considera mais adequadas para a gest\u00e3o do Estado e dos interesses coletivos (o interesse geral, tamb\u00e9m conhecido por interesse p\u00fablico) e os organismos da Administra\u00e7\u00e3o P\u00fablica operacionalizam essas pol\u00edticas, ou seja levam-nas at\u00e9 aos cidad\u00e3os.<\/p>\n<p>Deste ponto de vista \u00e9 bom de ver que toda a mec\u00e2nica da Gest\u00e3o P\u00fablica s\u00f3 adquire sentido e se torna potencialmente coerente e eficaz se ela pr\u00f3pria garantir os pressupostos da \u00c9tica e traduzir os Valores que se querem salvaguardar. De outro modo seria um contributo muito forte para a desagrega\u00e7\u00e3o de todo o modelo. Por isso se percebe e aceita que qualquer a\u00e7\u00e3o ou decis\u00e3o tomada pelos membros do Governo ou pelos funcion\u00e1rios dos organismos da Administra\u00e7\u00e3o P\u00fablica, que contrarie os pressupostos da \u00c9tica e os Valores, se considere socialmente muito censur\u00e1vel. Se considere um problema de corrup\u00e7\u00e3o.<\/p>\n<p>A previs\u00e3o na letra da lei penal de um conjunto de crimes contra o Estado pass\u00edveis de ser praticados por detentores de cargos pol\u00edticos, de altos cargos p\u00fablicos, de gestores p\u00fablicos e de funcion\u00e1rios dos servi\u00e7os da Administra\u00e7\u00e3o P\u00fablica \u00e9 afinal de contas uma forma de reconhecimento da import\u00e2ncia da necessidade de a Gest\u00e3o P\u00fablica salvaguardar e refor\u00e7ar a \u00c9tica, traduzir os Valores socialmente partilhados e, atrav\u00e9s deles, de assegurar a prossecu\u00e7\u00e3o do interesse geral.<\/p>\n<\/div>\n","protected":false},"excerpt":{"rendered":"<p>Ant\u00f3nio Jo\u00e3o Maia, Jornal i Online, A Gest\u00e3o P\u00fablica s\u00f3 adquire sentido e torna-se potencialmente coerente e eficaz se ela pr\u00f3pria garantir os pressupostos da \u00c9tica e traduzir os Valores que se querem salvaguardar &#8230;<\/p>\n","protected":false},"author":34,"featured_media":0,"comment_status":"closed","ping_status":"closed","sticky":false,"template":"","format":"standard","meta":{"_bbp_topic_count":0,"_bbp_reply_count":0,"_bbp_total_topic_count":0,"_bbp_total_reply_count":0,"_bbp_voice_count":0,"_bbp_anonymous_reply_count":0,"_bbp_topic_count_hidden":0,"_bbp_reply_count_hidden":0,"_bbp_forum_subforum_count":0,"_exactmetrics_skip_tracking":false,"_exactmetrics_sitenote_active":false,"_exactmetrics_sitenote_note":"","_exactmetrics_sitenote_category":0,"footnotes":""},"categories":[72,129],"tags":[],"class_list":["post-26618","post","type-post","status-publish","format-standard","hentry","category-cronicas","category-jornal-i-online"],"_links":{"self":[{"href":"https:\/\/obegef.pt\/wordpress\/index.php?rest_route=\/wp\/v2\/posts\/26618","targetHints":{"allow":["GET"]}}],"collection":[{"href":"https:\/\/obegef.pt\/wordpress\/index.php?rest_route=\/wp\/v2\/posts"}],"about":[{"href":"https:\/\/obegef.pt\/wordpress\/index.php?rest_route=\/wp\/v2\/types\/post"}],"author":[{"embeddable":true,"href":"https:\/\/obegef.pt\/wordpress\/index.php?rest_route=\/wp\/v2\/users\/34"}],"replies":[{"embeddable":true,"href":"https:\/\/obegef.pt\/wordpress\/index.php?rest_route=%2Fwp%2Fv2%2Fcomments&post=26618"}],"version-history":[{"count":2,"href":"https:\/\/obegef.pt\/wordpress\/index.php?rest_route=\/wp\/v2\/posts\/26618\/revisions"}],"predecessor-version":[{"id":26621,"href":"https:\/\/obegef.pt\/wordpress\/index.php?rest_route=\/wp\/v2\/posts\/26618\/revisions\/26621"}],"wp:attachment":[{"href":"https:\/\/obegef.pt\/wordpress\/index.php?rest_route=%2Fwp%2Fv2%2Fmedia&parent=26618"}],"wp:term":[{"taxonomy":"category","embeddable":true,"href":"https:\/\/obegef.pt\/wordpress\/index.php?rest_route=%2Fwp%2Fv2%2Fcategories&post=26618"},{"taxonomy":"post_tag","embeddable":true,"href":"https:\/\/obegef.pt\/wordpress\/index.php?rest_route=%2Fwp%2Fv2%2Ftags&post=26618"}],"curies":[{"name":"wp","href":"https:\/\/api.w.org\/{rel}","templated":true}]}}