{"id":26578,"date":"2016-05-25T14:29:46","date_gmt":"2016-05-25T14:29:46","guid":{"rendered":"http:\/\/obegef.pt\/wordpress\/?p=26578"},"modified":"2016-05-25T14:29:46","modified_gmt":"2016-05-25T14:29:46","slug":"o-misterio-de-dois-cobradores-de-impostos","status":"publish","type":"post","link":"https:\/\/obegef.pt\/wordpress\/?p=26578","title":{"rendered":"O mist\u00e9rio de \u201cDois cobradores de impostos\u201d"},"content":{"rendered":"<p style=\"text-align: left;\"><span style=\"color: #d8070f;\"><strong>Jos\u00e9 Ant\u00f3nio C. Moreira, Vis\u00e3o online<\/strong><\/span>,<\/p>\n<p style=\"text-align: left;\"><a href=\"http:\/\/visao.sapo.pt\/opiniao\/silnciodafraude\/2016-05-25-O-misterio-de-Dois-cobradores-de-impostos\" target=\"_blank\"><img loading=\"lazy\" decoding=\"async\" class=\" wp-image-19 alignleft\" title=\"Liga\u00e7\u00e3o \u00e0 Publica\u00e7\u00e3o\" src=\"http:\/\/obegef.pt\/wordpress\/wp-content\/uploads\/2009\/01\/go2.png\" alt=\"\" width=\"16\" height=\"16\" \/><\/a><a href=\"http:\/\/visao.sapo.pt\/opiniao\/silnciodafraude\/2016-03-03-Carta-Aberta-a-Ordem-dos-Advogados\" target=\"_blank\">\u00a0<\/a><a href=\"http:\/\/obegef.pt\/wordpress\/wp-content\/uploads\/2016\/05\/VisaoE384.pdf\" target=\"_blank\"><img loading=\"lazy\" decoding=\"async\" class=\"alignleft wp-image-2032\" title=\"Ficheiro PDF\" src=\"http:\/\/obegef.pt\/wordpress\/wp-content\/uploads\/2013\/05\/pdf_button.png\" alt=\"\" width=\"14\" height=\"14\" \/><\/a><\/p>\n<div>\n<p>\u201cNo pr\u00f3ximo ano ser\u00e3o outros a cobrar os impostos. O problema ser\u00e1 deles \u2026 nada a ver connosco.\u201d<br \/>\n...<\/p>\n<\/div>\n<div>\n<p><span style=\"font-size: 0.75rem; line-height: 1.25rem;\"><!--more--><\/span><\/p>\n<p>Foi visitar a National Gallery, em Londres. Passou parte do tempo, sentado, em frente a uma das obras em exposi\u00e7\u00e3o. Olhou, tornou a olhar. O colorido, as express\u00f5es, a figura\u00e7\u00e3o, os quase quinhentos anos desde que foi pintada, continuam a exercer sobre ele o fasc\u00ednio que justifica t\u00e3o grande interesse.<\/p>\n<p><a href=\"http:\/\/obegef.pt\/wordpress\/wp-content\/uploads\/2016\/05\/FotoCronica.jpg\"><img loading=\"lazy\" decoding=\"async\" class=\"alignright size-medium wp-image-26580\" src=\"http:\/\/obegef.pt\/wordpress\/wp-content\/uploads\/2016\/05\/FotoCronica-240x300.jpg\" alt=\"FotoCronica\" width=\"240\" height=\"300\" srcset=\"https:\/\/obegef.pt\/wordpress\/wp-content\/uploads\/2016\/05\/FotoCronica-240x300.jpg 240w, https:\/\/obegef.pt\/wordpress\/wp-content\/uploads\/2016\/05\/FotoCronica.jpg 324w\" sizes=\"auto, (max-width: 240px) 100vw, 240px\" \/><\/a>Na primeira vez que a viu, h\u00e1 muitos anos, a primeira ideia que lhe veio \u00e0 mente foi a de que o personagem da direita, com o rosto exprimindo sofrimento, era um contribuinte, prestando contas ao cobrador de impostos figurado na parte esquerda da pintura.<\/p>\n<p>Rapidamente essa ideia se desvaneceu. Afinal, eram dois cobradores de impostos. Que d\u00e3o o t\u00edtulo \u00e0 obra (1). Talvez fossem mesmo uma brigada de cobran\u00e7as, trabalhando em conjunto.<\/p>\n<p>Por\u00e9m, continua a ser para ele um mist\u00e9rio o porqu\u00ea daquela express\u00e3o facial do personagem da direita, e da rigidez da sua m\u00e3o esquerda, por contraponto com o ar sereno do mais velho.<\/p>\n<p>De olhos colocados na pintura, sozinho no meio de uma aut\u00eantica multid\u00e3o em constante movimento pela sala, imaginou uma conversa entre os dois personagens, procurando dar sentido \u00e0 atitude de cada um deles.<\/p>\n<p>\u201c\u00d3 chefe\u201d, diz o mais novo com voz denotando extrema preocupa\u00e7\u00e3o, \u201carrecadamos menos impostos do que no per\u00edodo anterior.\u201d<\/p>\n<p>\u201cE da\u00ed?\u201d<\/p>\n<p>\u201cEstamos metidos em sarilhos. Desta n\u00e3o escapamos.\u201d, e a sua face expressava o p\u00e2nico que o possu\u00eda. \u201cComo vamos justificar ao Chanceler que apesar da duplica\u00e7\u00e3o das taxas de imposto a arrecada\u00e7\u00e3o foi inferior?\u201d<\/p>\n<p>\u201cSegundo os meus registos\u201d, e lia no livro \u00e0 sua frente, \u201chouve menos transa\u00e7\u00f5es de peixe, de vinho e de cerveja, logo menos imposto.\u201d<\/p>\n<p>\u201cSim \u2026 e como \u00e9 que isso ajuda? Como vai ele compreender que n\u00e3o foi desleixo nosso? Como?\u201d<\/p>\n<p>\u201cTem calma, homem. Vamos ter de lhe explicar que devido ao aumento dos impostos os comerciantes alteraram os seus comportamentos, os consumidores tamb\u00e9m. Por exemplo, os pescadores passaram a desembarcar o peixe em Amesterd\u00e3o, e l\u00e1 se foram os impostos. A cerveja e o vinho tornaram-se t\u00e3o caros que os nossos concidad\u00e3os passaram a beber menos, o que at\u00e9 nem \u00e9 mau para a sa\u00fade, mas \u00e9 para a cobran\u00e7a dos impostos. O \u2026\u201d<\/p>\n<p>\u201cEle n\u00e3o vai querer saber disso. Vai mandar-nos cortar a cabe\u00e7a \u2026 ai vai, vai \u2026\u201d<\/p>\n<p>\u201cAcalma-te! Deixa-te de choraminguices! Daqui a cerca de cinco s\u00e9culos vai aparecer um fulano, um tal de Laffer, que explicar\u00e1 este fen\u00f3meno direitinho. Vai desenhar uma curva hiperb\u00f3lica \u2013 tipo sino, est\u00e1s a ver? \u2013, que tomar\u00e1 o seu nome, em que mostrar\u00e1 que quando os governantes aumentam os impostos para al\u00e9m de um certo n\u00edvel, a receita arrecadada diminui em vez de aumentar. Foi o que agora aconteceu. Percebes?\u201d<\/p>\n<p>\u201cEu percebo \u2026 julgo que percebo. Mas o Chanceler n\u00e3o vai querer perceber \u2026 e l\u00e1 se vai o nosso pesco\u00e7o \u2026\u201d, disse no meio de solu\u00e7os que lhe embargavam a voz. Todo ele era tens\u00e3o.<\/p>\n<p>\u201c\u00c9 bem poss\u00edvel \u2026 Espera, talvez tenhamos uma solu\u00e7\u00e3o \u2026\u201d<\/p>\n<p>\u201cComo, v\u00e1, diga l\u00e1! Que podemos fazer?\u201d<\/p>\n<p>\u201cDeixa-me pensar \u2026 voltamos a visitar os contribuintes \u2026 e, a troco de um desconto, solicitamos que nos paguem parte dos impostos do pr\u00f3ximo per\u00edodo ...\u201d<\/p>\n<p>\u201cBoa \u2026 mas e no pr\u00f3ximo ano? Ainda vai ser pior \u2026\u201d<\/p>\n<p>\u201cNo pr\u00f3ximo ano ser\u00e3o outros a cobrar os impostos. O problema ser\u00e1 deles \u2026 nada a ver connosco.\u201d<\/p>\n<p>\u201cHum \u2026 brilhante, chefe.\u201d, disse com um timbre de voz totalmente diferente. \u201cFeche o livro, vamos \u00e0 taberna beber uma cerveja. Eu pago.\u201d<\/p>\n<p>N\u00e3o estava satisfeito com a hist\u00f3ria imaginada. Estava muito colada \u00e0 realidade atual.<\/p>\n<p>Tirou uma foto ao quadro e, com um \u00faltimo olhar, virou-lhe as costas. At\u00e9 uma pr\u00f3xima visita.<\/p>\n<p>&nbsp;<\/p>\n<p>NOTAS<\/p>\n<p>(1) A obra reproduzida pertence \u00e0 \u201cThe National Gallery\u201d, Londres, sendo de autoria do est\u00fadio de Marinus van Reymerswade, e foi pintada cerca de 1540. Para contextualiza\u00e7\u00e3o da obra, e.g. \u201cThe \u2018Two Tax-Gatherers\u2019 by Marinus van Reymerswale: Original and Replica\u201d, de Ackroyd et al. (2003), National Gallery Technical Bulletin, vol. 24.<\/p>\n<\/div>\n","protected":false},"excerpt":{"rendered":"<p>Jos\u00e9 Ant\u00f3nio C. Moreira, Vis\u00e3o online, \u00a0 \u201cNo pr\u00f3ximo ano ser\u00e3o outros a cobrar os impostos. O problema ser\u00e1 deles \u2026 nada a ver connosco.\u201d &#8230;<\/p>\n","protected":false},"author":1,"featured_media":0,"comment_status":"closed","ping_status":"closed","sticky":false,"template":"","format":"standard","meta":{"_bbp_topic_count":0,"_bbp_reply_count":0,"_bbp_total_topic_count":0,"_bbp_total_reply_count":0,"_bbp_voice_count":0,"_bbp_anonymous_reply_count":0,"_bbp_topic_count_hidden":0,"_bbp_reply_count_hidden":0,"_bbp_forum_subforum_count":0,"_exactmetrics_skip_tracking":false,"_exactmetrics_sitenote_active":false,"_exactmetrics_sitenote_note":"","_exactmetrics_sitenote_category":0,"footnotes":""},"categories":[72,123],"tags":[],"class_list":["post-26578","post","type-post","status-publish","format-standard","hentry","category-cronicas","category-visao-online"],"_links":{"self":[{"href":"https:\/\/obegef.pt\/wordpress\/index.php?rest_route=\/wp\/v2\/posts\/26578","targetHints":{"allow":["GET"]}}],"collection":[{"href":"https:\/\/obegef.pt\/wordpress\/index.php?rest_route=\/wp\/v2\/posts"}],"about":[{"href":"https:\/\/obegef.pt\/wordpress\/index.php?rest_route=\/wp\/v2\/types\/post"}],"author":[{"embeddable":true,"href":"https:\/\/obegef.pt\/wordpress\/index.php?rest_route=\/wp\/v2\/users\/1"}],"replies":[{"embeddable":true,"href":"https:\/\/obegef.pt\/wordpress\/index.php?rest_route=%2Fwp%2Fv2%2Fcomments&post=26578"}],"version-history":[{"count":3,"href":"https:\/\/obegef.pt\/wordpress\/index.php?rest_route=\/wp\/v2\/posts\/26578\/revisions"}],"predecessor-version":[{"id":26583,"href":"https:\/\/obegef.pt\/wordpress\/index.php?rest_route=\/wp\/v2\/posts\/26578\/revisions\/26583"}],"wp:attachment":[{"href":"https:\/\/obegef.pt\/wordpress\/index.php?rest_route=%2Fwp%2Fv2%2Fmedia&parent=26578"}],"wp:term":[{"taxonomy":"category","embeddable":true,"href":"https:\/\/obegef.pt\/wordpress\/index.php?rest_route=%2Fwp%2Fv2%2Fcategories&post=26578"},{"taxonomy":"post_tag","embeddable":true,"href":"https:\/\/obegef.pt\/wordpress\/index.php?rest_route=%2Fwp%2Fv2%2Ftags&post=26578"}],"curies":[{"name":"wp","href":"https:\/\/api.w.org\/{rel}","templated":true}]}}